{"id":991,"date":"2024-12-11T12:05:43","date_gmt":"2024-12-11T12:05:43","guid":{"rendered":"https:\/\/obiectiv-valcean.ro\/?p=991"},"modified":"2024-12-11T12:05:43","modified_gmt":"2024-12-11T12:05:43","slug":"reteaua-de-canalizare-un-obiectiv-important-realizat-in-2024-de-primarul-golestiului","status":"publish","type":"post","link":"https:\/\/obiectiv-valcean.ro\/index.php\/2024\/12\/11\/reteaua-de-canalizare-un-obiectiv-important-realizat-in-2024-de-primarul-golestiului\/","title":{"rendered":"Re\u021beaua de canalizare, un obiectiv important realizat in 2024 de primarul Gole\u0219tiului"},"content":{"rendered":"<p>\u201dDac\u0103 facem o analiz\u0103 a criteriilor care definesc gradul de confort, de civiliza\u021bie, cred c\u0103 re\u021beaua de canalizare este principala defini\u021bie. Modul de tratare a apelor uzate, colectarea acestor, evitarea polu\u0103rii solului \u0219i a p\u00e2nzei freatice, asta este un salt \u00eenainte iar comuna Gole\u0219ti av\u00e2nd din 2024 o re\u021bea de canalizare complet func\u021bional\u0103 aduce localitate \u00een mileniul III, \u00een zona localit\u0103\u021bilor europene\u201d, precizeaz\u0103 primarul Adrian Mitrache.<\/p>\n<p>\u00cen comuna Gole\u0219ti, anul 2024 este de departe anul \u00een care a fost realizat\u0103 re\u021beaua de canalizare, un pas uria\u0219 pe scara calit\u0103\u021bii vie\u021bii.<\/p>\n<div class=\"e6219d6b3f8ec646e4cb39e8fa5294e4\" data-index=\"3\">\n<div class=\"demand-supply\" data-ad=\"ramnicuvalceaweek.ro_sticky_mobile_top\" data-devices=\"m:1,t:0,d:0\">\u00cen acest final de an se afl\u0103 \u00een licita\u021bie reabilitarea \u0219colii gimnaziale \u0219i transformarea acesteia \u00een \u0219coal\u0103 verde. Acest proiect urm\u00e2nd a se realiza cu fonduri europene prin ADR. \u0218i tot cu fonduri europene urmeaz\u0103 pentru anul viitor asfaltarea drumurilor de interes local.<\/div>\n<\/div>\n<p>Apropierea de R\u00e2mnicu V\u00e2lcea dar mai ales a\u0219ezarea geografic\u0103 pe dou\u0103 drumuri na\u021bionale majore spre Bucure\u0219ti \u0219i spre Curtea de Arge\u0219, fac din comuna Gole\u0219ti una unde oportunit\u0103\u021bile de afaceri sunt crescute. Dar, nu \u00een ultimul r\u00e2nd, faptul c\u0103\u00a0 localitatea se afl\u0103 la 9 km de Tigveni, nodul de pe viitoarea Autostrad\u0103 Sibiu \u2013 Pite\u0219ti, este clar un factor decisiv, dac\u0103 vorbim de geografia economic\u0103 a Gole\u0219tiului.<\/p>\n","protected":false},"excerpt":{"rendered":"<p>\u201dDac\u0103 facem o analiz\u0103 a criteriilor care definesc gradul de confort, de civiliza\u021bie, cred c\u0103 re\u021beaua de canalizare este principala defini\u021bie. Modul de tratare a apelor uzate, colectarea acestor, evitarea polu\u0103rii solului \u0219i a p\u00e2nzei freatice, asta este un salt \u00eenainte iar comuna Gole\u0219ti av\u00e2nd din 2024 o re\u021bea de canalizare complet func\u021bional\u0103 aduce localitate&#8230;<\/p>\n","protected":false},"author":1,"featured_media":661,"comment_status":"open","ping_status":"open","sticky":false,"template":"","format":"standard","meta":{"footnotes":""},"categories":[2],"tags":[],"class_list":["post-991","post","type-post","status-publish","format-standard","has-post-thumbnail","hentry","category-administratie"],"_links":{"self":[{"href":"https:\/\/obiectiv-valcean.ro\/index.php\/wp-json\/wp\/v2\/posts\/991","targetHints":{"allow":["GET"]}}],"collection":[{"href":"https:\/\/obiectiv-valcean.ro\/index.php\/wp-json\/wp\/v2\/posts"}],"about":[{"href":"https:\/\/obiectiv-valcean.ro\/index.php\/wp-json\/wp\/v2\/types\/post"}],"author":[{"embeddable":true,"href":"https:\/\/obiectiv-valcean.ro\/index.php\/wp-json\/wp\/v2\/users\/1"}],"replies":[{"embeddable":true,"href":"https:\/\/obiectiv-valcean.ro\/index.php\/wp-json\/wp\/v2\/comments?post=991"}],"version-history":[{"count":1,"href":"https:\/\/obiectiv-valcean.ro\/index.php\/wp-json\/wp\/v2\/posts\/991\/revisions"}],"predecessor-version":[{"id":992,"href":"https:\/\/obiectiv-valcean.ro\/index.php\/wp-json\/wp\/v2\/posts\/991\/revisions\/992"}],"wp:featuredmedia":[{"embeddable":true,"href":"https:\/\/obiectiv-valcean.ro\/index.php\/wp-json\/wp\/v2\/media\/661"}],"wp:attachment":[{"href":"https:\/\/obiectiv-valcean.ro\/index.php\/wp-json\/wp\/v2\/media?parent=991"}],"wp:term":[{"taxonomy":"category","embeddable":true,"href":"https:\/\/obiectiv-valcean.ro\/index.php\/wp-json\/wp\/v2\/categories?post=991"},{"taxonomy":"post_tag","embeddable":true,"href":"https:\/\/obiectiv-valcean.ro\/index.php\/wp-json\/wp\/v2\/tags?post=991"}],"curies":[{"name":"wp","href":"https:\/\/api.w.org\/{rel}","templated":true}]}}