{"id":988,"date":"2024-12-11T11:59:19","date_gmt":"2024-12-11T11:59:19","guid":{"rendered":"https:\/\/obiectiv-valcean.ro\/?p=988"},"modified":"2024-12-11T11:59:19","modified_gmt":"2024-12-11T11:59:19","slug":"ion-nicolae-2024-se-incheie-cu-investitii-majore-in-utilitatile-din-caineni","status":"publish","type":"post","link":"https:\/\/obiectiv-valcean.ro\/index.php\/2024\/12\/11\/ion-nicolae-2024-se-incheie-cu-investitii-majore-in-utilitatile-din-caineni\/","title":{"rendered":"Ion Nicolae:  2024 se \u00eencheie cu investi\u021bii majore in utilit\u0103\u021bile din C\u00e2ineni"},"content":{"rendered":"<p>Ion Nicolae, primarul localit\u0103\u021bii C\u00e2ineni, spune c\u0103 anul care tocmai se incheie a fost unul greu, cu multe randuri de alegeri, dar foarte bun din punct de vedere investi\u021bional. \u201dM\u0103 refer in special la infrastructura educa\u021bional\u0103 care, \u00een C\u00e2ineni, la aceast\u0103 ora este una extraordinar\u0103. Avem scoli cu care ne m\u00e2ndrim. Cu dotari IT, mobilier, renovate, modernizate etc. Investi\u021biile\u00a0 s-au axat pe educa\u021bie, s\u0103n\u0103tate, utilit\u0103\u021bi, care converg spre atragerea de reziden\u021bi \u00een comuna C\u00e2ineni. Urmeaz\u0103 s\u0103rb\u0103torile de Cr\u0103ciun, iar copiii din C\u00e2ineni vor primi ca de fiecare dat\u0103 cadouri de la Mos Cr\u0103ciun, astfel \u00eencerc\u0103m s\u0103 aducem pu\u021bin\u0103 bucurie copiilor nostri\u201d, spune edilul.<\/p>\n<p>Ion Nicolae are ca obiectiv pentru anul 2025, finan\u021barea unuia dintre cele mai vechi proiecte depuse care a fost declarat eligibil \u0219i anume modernizarea celor 8,2 km de drumuri din comun\u0103. Proiect care urmeaz\u0103 s\u0103 fie implementat dup\u0103 finalizarea re\u021belelor de ap\u0103 \u0219i canalizare.<\/p>\n<div class=\"e6219d6b3f8ec646e4cb39e8fa5294e4\" data-index=\"4\"><\/div>\n<p>C.P.<\/p>\n","protected":false},"excerpt":{"rendered":"<p>Ion Nicolae, primarul localit\u0103\u021bii C\u00e2ineni, spune c\u0103 anul care tocmai se incheie a fost unul greu, cu multe randuri de alegeri, dar foarte bun din punct de vedere investi\u021bional. \u201dM\u0103 refer in special la infrastructura educa\u021bional\u0103 care, \u00een C\u00e2ineni, la aceast\u0103 ora este una extraordinar\u0103. Avem scoli cu care ne m\u00e2ndrim. Cu dotari IT, mobilier,&#8230;<\/p>\n","protected":false},"author":1,"featured_media":989,"comment_status":"open","ping_status":"open","sticky":false,"template":"","format":"standard","meta":{"footnotes":""},"categories":[2],"tags":[],"class_list":["post-988","post","type-post","status-publish","format-standard","has-post-thumbnail","hentry","category-administratie"],"_links":{"self":[{"href":"https:\/\/obiectiv-valcean.ro\/index.php\/wp-json\/wp\/v2\/posts\/988","targetHints":{"allow":["GET"]}}],"collection":[{"href":"https:\/\/obiectiv-valcean.ro\/index.php\/wp-json\/wp\/v2\/posts"}],"about":[{"href":"https:\/\/obiectiv-valcean.ro\/index.php\/wp-json\/wp\/v2\/types\/post"}],"author":[{"embeddable":true,"href":"https:\/\/obiectiv-valcean.ro\/index.php\/wp-json\/wp\/v2\/users\/1"}],"replies":[{"embeddable":true,"href":"https:\/\/obiectiv-valcean.ro\/index.php\/wp-json\/wp\/v2\/comments?post=988"}],"version-history":[{"count":1,"href":"https:\/\/obiectiv-valcean.ro\/index.php\/wp-json\/wp\/v2\/posts\/988\/revisions"}],"predecessor-version":[{"id":990,"href":"https:\/\/obiectiv-valcean.ro\/index.php\/wp-json\/wp\/v2\/posts\/988\/revisions\/990"}],"wp:featuredmedia":[{"embeddable":true,"href":"https:\/\/obiectiv-valcean.ro\/index.php\/wp-json\/wp\/v2\/media\/989"}],"wp:attachment":[{"href":"https:\/\/obiectiv-valcean.ro\/index.php\/wp-json\/wp\/v2\/media?parent=988"}],"wp:term":[{"taxonomy":"category","embeddable":true,"href":"https:\/\/obiectiv-valcean.ro\/index.php\/wp-json\/wp\/v2\/categories?post=988"},{"taxonomy":"post_tag","embeddable":true,"href":"https:\/\/obiectiv-valcean.ro\/index.php\/wp-json\/wp\/v2\/tags?post=988"}],"curies":[{"name":"wp","href":"https:\/\/api.w.org\/{rel}","templated":true}]}}