{"id":942,"date":"2024-11-20T06:30:38","date_gmt":"2024-11-20T06:30:38","guid":{"rendered":"https:\/\/obiectiv-valcean.ro\/?p=942"},"modified":"2024-11-20T06:30:38","modified_gmt":"2024-11-20T06:30:38","slug":"anul-viitor-se-va-asfalta-lotul-4-pana-la-tigveni-la-sfarsitul-lui-2025-vom-circula-de-la-bucuresti-la-tigveni-doar-pe-autostrada","status":"publish","type":"post","link":"https:\/\/obiectiv-valcean.ro\/index.php\/2024\/11\/20\/anul-viitor-se-va-asfalta-lotul-4-pana-la-tigveni-la-sfarsitul-lui-2025-vom-circula-de-la-bucuresti-la-tigveni-doar-pe-autostrada\/","title":{"rendered":"Anul viitor se va asfalta lotul 4 p\u00e2n\u0103 la Tigveni. La sf\u00e2r\u0219itul lui 2025 vom circula de la Bucure\u0219ti la Tigveni doar pe autostrad\u0103"},"content":{"rendered":"<p>Am trecut pragul de 2000 metri tunel forat din lungimea total\u0103 a ambelor fire (2692 metri):<br \/>\n\ud83d\udd39\ufe0f1088 metri fora\u021bi la Tunelul Daniela (sensul de mers Sibiu \u2013 Pite\u0219ti)<br \/>\n\ud83d\udd39\ufe0f928 metri fora\u021bi la Tunelul Alina (sensul de mers Pite\u0219ti \u2013 Sibiu)<\/p>\n<p>\u2013 au fost realiza\u021bi 1.290.000 mc din 1.700.000 mc de excava\u021bii;<\/p>\n<p>\u2013 au fost realiza\u021bi 325.000 mc din 540.000 mc de umpluturi;<\/p>\n<p>\u2013 continu\u0103 lucr\u0103rile aferente structurilor existente pe acest lot \u0219i se afl\u0103 \u00een diferite stadii: lucr\u0103ri de armare, cofrare \u0219i betonare eleva\u021bii, grinzi de rezemare, turnare pl\u0103ci de suprabetonare, lucr\u0103ri de instalare grinzi \u0219i predale prefabricate, lucr\u0103ri de sudur\u0103 tablier metalic;<\/p>\n<p>\u2013 continu\u0103 lucr\u0103rile de consolid\u0103ri prin execu\u021bia saltelelor antierozionale, aripi din gabioane, umpluturi din balast \u00een spatele culeelor;<\/p>\n<p>\u2013 sunt \u00een curs de finalizare lucr\u0103rile la pode\u021bele prefabricate;<\/p>\n<p>\u2013 se execut\u0103 lucr\u0103ri de scurgere a apelor, dup\u0103 cum urmeaz\u0103: \u0219an\u021bul de gard\u0103 (realizat 3055 m din 7400m), \u0219an\u021bul de berm\u0103 (realizat 1940 m din 9100 m), dren longitudinal (realizat 3785 m din 6900 m), \u0219an\u021b picior taluz (1400 m din 17300 m);<\/p>\n<p>\u2013 continu\u0103 produc\u021bia de prefabricate \u00een baza organizat\u0103 pe \u0219antier, fiind produse 469 din 660 buc grinzi prefabricate, 7057 din 7800 buc predale prefabricate, 243 din 300 buc antretoaze prefabricate.<\/p>\n<p>Antreprenorul are mobilizate \u00een \u0219antier 650 persoane \u0219i 210 utilaje \u0219i echipamente de construc\u021bii, precizeaz\u0103 oficialul de la Transporturi.<\/p>\n<p>Luna aceasta, Porr Construct a informat c\u0103 lucr\u0103rile sunt \u00een avans fa\u021b\u0103 de grafic pe sec\u021biunea 4 Tigveni \u2013 Curtea de Arge\u0219 din Autostrada A1 Sibiu \u2013 Pite\u0219ti. De asemenea, anul viitor vor \u00eencepe lucr\u0103rile de asfaltare.<\/p>\n<p>C\u00e2nd vom circula pe A1, \u00een primul tunel forat de autostrad\u0103?<br \/>\nLa finalul anului viitor se va putea circula ne\u00eentrerupt pe Autostrada Sibiu \u2013 Pite\u0219ti (A1) de la Pite\u0219ti p\u00e2n\u0103 la Tigveni, dup\u0103 ce va fi dat\u0103 \u00een trafic \u0219i sec\u021biunea 4, \u00een avans fa\u021b\u0103 de termenul contractual din 2027, au spus reprezentan\u021bii Companiei Na\u021bionale de Administrare a Infrastructurii Rutiere (CNAIR).<\/p>\n<p>Contractul pentru proiectarea \u0219i execu\u021bia acestei sec\u021biuni a fost semnat \u00een noiembrie 2021, cu o durat\u0103 de 60 de luni, din care 16 luni perioada de proiectare \u0219i 44 luni perioada de execu\u021bie a lucr\u0103rilor. Astfel, conform contractului, lucr\u0103rile trebuie finalizate \u00een 2027.<\/p>\n<p>Autostrada Sibiu \u2013 Pite\u0219ti, sec\u021biunea 4 Tigveni \u2013 Curtea de Arge\u0219<br \/>\nAntreprenor: PORR Construct SRL;<br \/>\nLungime: 9,86 km.;<br \/>\nDurat\u0103 contract: 60 de luni (16 luni proiectare, 44 de luni execu\u021bie);<br \/>\nValoare contract: 1,678 miliarde de lei, f\u0103r\u0103 TVA;<br \/>\nSurs\u0103 de finan\u021bare: Programul Transport (PT);<br \/>\nTermen contractual deschidere: 2027.<\/p>\n","protected":false},"excerpt":{"rendered":"<p>Am trecut pragul de 2000 metri tunel forat din lungimea total\u0103 a ambelor fire (2692 metri): \ud83d\udd39\ufe0f1088 metri fora\u021bi la Tunelul Daniela (sensul de mers Sibiu \u2013 Pite\u0219ti) \ud83d\udd39\ufe0f928 metri fora\u021bi la Tunelul Alina (sensul de mers Pite\u0219ti \u2013 Sibiu) \u2013 au fost realiza\u021bi 1.290.000 mc din 1.700.000 mc de excava\u021bii; \u2013 au fost realiza\u021bi&#8230;<\/p>\n","protected":false},"author":1,"featured_media":943,"comment_status":"open","ping_status":"open","sticky":false,"template":"","format":"standard","meta":{"footnotes":""},"categories":[1],"tags":[14,227],"class_list":["post-942","post","type-post","status-publish","format-standard","has-post-thumbnail","hentry","category-fara-categorie","tag-autostrada-sibiu-pitesti","tag-lot-4"],"_links":{"self":[{"href":"https:\/\/obiectiv-valcean.ro\/index.php\/wp-json\/wp\/v2\/posts\/942","targetHints":{"allow":["GET"]}}],"collection":[{"href":"https:\/\/obiectiv-valcean.ro\/index.php\/wp-json\/wp\/v2\/posts"}],"about":[{"href":"https:\/\/obiectiv-valcean.ro\/index.php\/wp-json\/wp\/v2\/types\/post"}],"author":[{"embeddable":true,"href":"https:\/\/obiectiv-valcean.ro\/index.php\/wp-json\/wp\/v2\/users\/1"}],"replies":[{"embeddable":true,"href":"https:\/\/obiectiv-valcean.ro\/index.php\/wp-json\/wp\/v2\/comments?post=942"}],"version-history":[{"count":1,"href":"https:\/\/obiectiv-valcean.ro\/index.php\/wp-json\/wp\/v2\/posts\/942\/revisions"}],"predecessor-version":[{"id":944,"href":"https:\/\/obiectiv-valcean.ro\/index.php\/wp-json\/wp\/v2\/posts\/942\/revisions\/944"}],"wp:featuredmedia":[{"embeddable":true,"href":"https:\/\/obiectiv-valcean.ro\/index.php\/wp-json\/wp\/v2\/media\/943"}],"wp:attachment":[{"href":"https:\/\/obiectiv-valcean.ro\/index.php\/wp-json\/wp\/v2\/media?parent=942"}],"wp:term":[{"taxonomy":"category","embeddable":true,"href":"https:\/\/obiectiv-valcean.ro\/index.php\/wp-json\/wp\/v2\/categories?post=942"},{"taxonomy":"post_tag","embeddable":true,"href":"https:\/\/obiectiv-valcean.ro\/index.php\/wp-json\/wp\/v2\/tags?post=942"}],"curies":[{"name":"wp","href":"https:\/\/api.w.org\/{rel}","templated":true}]}}