{"id":939,"date":"2024-11-20T06:21:59","date_gmt":"2024-11-20T06:21:59","guid":{"rendered":"https:\/\/obiectiv-valcean.ro\/?p=939"},"modified":"2024-11-20T06:22:20","modified_gmt":"2024-11-20T06:22:20","slug":"se-face-un-sens-giratoriu-pe-valea-oltului-la-balta-verde-trafic-restructionat-aproape-o-lunatos","status":"publish","type":"post","link":"https:\/\/obiectiv-valcean.ro\/index.php\/2024\/11\/20\/se-face-un-sens-giratoriu-pe-valea-oltului-la-balta-verde-trafic-restructionat-aproape-o-lunatos\/","title":{"rendered":"Se face un sens giratoriu, pe Valea Oltului, la Balta Verde; Trafic restric\u021bionat aproape o lun\u0103"},"content":{"rendered":"<p><strong>Traficul pe Valea Oltului este restric\u021bionat din nou, anun\u021b\u0103 Centrul Infotrafic, pentru demararea lucr\u0103rilor la sec\u021biunea a doua Boi\u021ba-Cornetu, a autostr\u0103zii Sibiu -Pite\u0219ti.\u00a0<\/strong><\/p>\n<p>\u201dCentrul INFOTRAFIC din Inspectoratul General al Poli\u021biei Rom\u00e2ne informeaz\u0103 c\u0103, \u00een perioada 19 noiembrie \u2013 15 decembrie 2024, pentru a permite demararea lucr\u0103rilor de proiectare \u0219i execu\u021bie a autostr\u0103zii Sibiu-Pite\u0219ti, sec\u021biunea a doua Boi\u021ba-Cornetu, tronsonul kilometric 13+170 de metri \u2013 44+500 de metri, vor fi instituite restric\u021bii de circula\u021bie pe DN 7, astfel:<\/p>\n<ul>\n<li>traficul se va desf\u0103\u0219ura \u00een ambele sensuri de mers ale DN7 pe un sector \u00eengustat, \u00a0av\u00e2nd l\u0103\u021bimea de minimum 5,5 metri (amenajare a insulelor separatoare de sensuri \u0219i a insulei centrale a sensului giratoriu);<\/li>\n<li>pe perioade limitate de timp (intervale de maximum 7 minute), se va circula alternativ, pe un singur sens, dirijat cu pilo\u021bi de circula\u021bie.<\/li>\n<\/ul>\n<p>Dup\u0103 finalizarea acestor lucr\u0103ri, circula\u021bia rutier\u0103 se va desf\u0103\u0219ura, pe toat\u0103 perioada execut\u0103rii lucr\u0103rilor de execu\u021bie a segmentului autostr\u0103zii Boi\u021ba-Cornetu, prin sensul giratoriu realizat provizoriu.<\/p>\n<p>Recomand\u0103m reducerea vitezei \u00een zona lucr\u0103rilor, evitarea manevrelor periculoase \u00a0\u0219i respectarea\u00a0 semnaliz\u0103rii rutiere temporare\u201d, scriu reprezentan\u021bii\u00a0<a href=\"https:\/\/www.politiaromana.ro\/ro\/info-trafic\/judetul-valcea-restrictii-de-trafic-pe-dn-7-in-urma-unor-lucrari-la-carosabil1731954734\">Centrului Infotrafic<\/a>.<\/p>\n<p>&nbsp;<\/p>\n<div class=\"DAGInScrollContainer\">\n<div class=\"DAGInScrollWrapper\">\n<div class=\"DAGInScrollInner\">\n<div id=\"div-gpt-ad-1730382956619-0\" class=\"bannerBox\" data-google-query-id=\"CIy_sICi6okDFZDnuwgdkRIYDg\"><\/div>\n<\/div>\n<\/div>\n<\/div>\n","protected":false},"excerpt":{"rendered":"<p>Traficul pe Valea Oltului este restric\u021bionat din nou, anun\u021b\u0103 Centrul Infotrafic, pentru demararea lucr\u0103rilor la sec\u021biunea a doua Boi\u021ba-Cornetu, a autostr\u0103zii Sibiu -Pite\u0219ti.\u00a0 \u201dCentrul INFOTRAFIC din Inspectoratul General al Poli\u021biei Rom\u00e2ne informeaz\u0103 c\u0103, \u00een perioada 19 noiembrie \u2013 15 decembrie 2024, pentru a permite demararea lucr\u0103rilor de proiectare \u0219i execu\u021bie a autostr\u0103zii Sibiu-Pite\u0219ti, sec\u021biunea a&#8230;<\/p>\n","protected":false},"author":1,"featured_media":916,"comment_status":"open","ping_status":"open","sticky":false,"template":"","format":"standard","meta":{"footnotes":""},"categories":[1],"tags":[224,226,225],"class_list":["post-939","post","type-post","status-publish","format-standard","has-post-thumbnail","hentry","category-fara-categorie","tag-sesn-giratoriu","tag-trafic-restrictionat","tag-valea-oltului"],"_links":{"self":[{"href":"https:\/\/obiectiv-valcean.ro\/index.php\/wp-json\/wp\/v2\/posts\/939","targetHints":{"allow":["GET"]}}],"collection":[{"href":"https:\/\/obiectiv-valcean.ro\/index.php\/wp-json\/wp\/v2\/posts"}],"about":[{"href":"https:\/\/obiectiv-valcean.ro\/index.php\/wp-json\/wp\/v2\/types\/post"}],"author":[{"embeddable":true,"href":"https:\/\/obiectiv-valcean.ro\/index.php\/wp-json\/wp\/v2\/users\/1"}],"replies":[{"embeddable":true,"href":"https:\/\/obiectiv-valcean.ro\/index.php\/wp-json\/wp\/v2\/comments?post=939"}],"version-history":[{"count":2,"href":"https:\/\/obiectiv-valcean.ro\/index.php\/wp-json\/wp\/v2\/posts\/939\/revisions"}],"predecessor-version":[{"id":941,"href":"https:\/\/obiectiv-valcean.ro\/index.php\/wp-json\/wp\/v2\/posts\/939\/revisions\/941"}],"wp:featuredmedia":[{"embeddable":true,"href":"https:\/\/obiectiv-valcean.ro\/index.php\/wp-json\/wp\/v2\/media\/916"}],"wp:attachment":[{"href":"https:\/\/obiectiv-valcean.ro\/index.php\/wp-json\/wp\/v2\/media?parent=939"}],"wp:term":[{"taxonomy":"category","embeddable":true,"href":"https:\/\/obiectiv-valcean.ro\/index.php\/wp-json\/wp\/v2\/categories?post=939"},{"taxonomy":"post_tag","embeddable":true,"href":"https:\/\/obiectiv-valcean.ro\/index.php\/wp-json\/wp\/v2\/tags?post=939"}],"curies":[{"name":"wp","href":"https:\/\/api.w.org\/{rel}","templated":true}]}}