{"id":918,"date":"2024-10-25T08:46:45","date_gmt":"2024-10-25T08:46:45","guid":{"rendered":"https:\/\/obiectiv-valcean.ro\/?p=918"},"modified":"2024-10-25T08:46:45","modified_gmt":"2024-10-25T08:46:45","slug":"lucrari-ample-in-golesti-pe-strada-simnicului-si-valea-plopului","status":"publish","type":"post","link":"https:\/\/obiectiv-valcean.ro\/index.php\/2024\/10\/25\/lucrari-ample-in-golesti-pe-strada-simnicului-si-valea-plopului\/","title":{"rendered":"Lucr\u0103ri ample \u00een Gole\u0219ti pe strada Simnicului \u0219i Valea Plopului"},"content":{"rendered":"<p>\u00cen comuna Gole\u0219ti se lucreaz\u0103 \u00een prezent la str\u0103zile Valea Plopului \u0219i strada S\u00eemnicului. Lucr\u0103ri ample care \u00eenseaan\u0103 reabilitare, asfalt, rigole betonate, poduri \u0219i accese la propriet\u0103\u021bi. \u00cen viitor va intra \u00een implementare \u0219i proiectul cu fonduri europene de modernizare a 4,5 km de drumuri. Toate din satul Alde\u0219ti, 3 drumuri din V\u0103t\u0103\u0219e\u0219ti \u0219i dou\u0103 drumuri din Blidari.<\/p>\n<div class=\"teads-inread sm-screen\">\n<div>\n<div class=\"teads-ui-components-adchoices\">\n<p>\u201dSunt mul\u021bumit pentru cei 7 km de drumuri pe care i-am pus la punct \u00een primul mandat. Din p\u0103cate am avut mult de recuperat. Pentru c\u0103 acesta este adev\u0103rul, am preluat o localitate \u00een care investi\u021biile \u00een drumuri nu au fost o prioritate. Din p\u0103cate am luat-o de la zero \u0219i am recuperat din handicap\u201d, spune primarul Adrian Mitrache.<\/p>\n<p>A\u0219adar, Comuna Gole\u0219ti a ie\u0219it anul trecut din zona coda\u0219\u0103 a clasamentului economic al V\u00e2lcii, apropiindu-se de 400 mii lei\u00a0 iar pentru 2023 se estimeaz\u0103 deja o cre\u0219tere de pe 1 milion de lei.<\/p>\n<p>Apropierea de R\u00e2mnicu V\u00e2lcea dar mai ales a\u0219ezarea geografic\u0103 pe dou\u0103 drumuri na\u021bionale majore spre Bucure\u0219ti \u0219i spre Curtea de Arge\u0219, fac din comuna Gole\u0219ti una unde oportunit\u0103\u021bile de afaceri sunt crescute. Dar, nu \u00een ultimul r\u00e2nd, faptul c\u0103\u00a0 localitatea se afl\u0103 la 9 km de Tigveni, nodul de pe viitoarea Autostrad\u0103 Sibiu \u2013 Pite\u0219ti, este clar un factor decisiv, dac\u0103 vorbim de geografia economic\u0103 a Gole\u0219tiului.<\/p>\n<div class=\"e6219d6b3f8ec646e4cb39e8fa5294e4\" data-index=\"1\">\n<div id=\"M455885ScriptRootC701098_0ed6b\">\n<div id=\"MarketGidComposite701098_0ed6b\">\n<div>\n<div class=\"mgbox\">\n<div class=\"mgheader\"><\/div>\n<div class=\"row1\">\n<div class=\"mgline teaser-20514901 type-w\" data-i=\"7tiy5JQOUGdHhwKgd0B543fUlIZNgd1o19S8JBwK2602U_nyvUbb2ocJC_QHn_bLnoxanKf444bknUxSWA4phq2pDa9HK5Y1DO81PAMk768*\" data-dsa=\"true\" data-observing-start=\"1729845902372\" data-observing-time=\"1107\" data-showed=\"1\"><\/div>\n<\/div>\n<\/div>\n<\/div>\n<\/div>\n<\/div>\n<\/div>\n<\/div>\n<\/div>\n<\/div>\n","protected":false},"excerpt":{"rendered":"<p>\u00cen comuna Gole\u0219ti se lucreaz\u0103 \u00een prezent la str\u0103zile Valea Plopului \u0219i strada S\u00eemnicului. Lucr\u0103ri ample care \u00eenseaan\u0103 reabilitare, asfalt, rigole betonate, poduri \u0219i accese la propriet\u0103\u021bi. \u00cen viitor va intra \u00een implementare \u0219i proiectul cu fonduri europene de modernizare a 4,5 km de drumuri. Toate din satul Alde\u0219ti, 3 drumuri din V\u0103t\u0103\u0219e\u0219ti \u0219i dou\u0103&#8230;<\/p>\n","protected":false},"author":1,"featured_media":919,"comment_status":"open","ping_status":"open","sticky":false,"template":"","format":"standard","meta":{"footnotes":""},"categories":[2],"tags":[],"class_list":["post-918","post","type-post","status-publish","format-standard","has-post-thumbnail","hentry","category-administratie"],"_links":{"self":[{"href":"https:\/\/obiectiv-valcean.ro\/index.php\/wp-json\/wp\/v2\/posts\/918","targetHints":{"allow":["GET"]}}],"collection":[{"href":"https:\/\/obiectiv-valcean.ro\/index.php\/wp-json\/wp\/v2\/posts"}],"about":[{"href":"https:\/\/obiectiv-valcean.ro\/index.php\/wp-json\/wp\/v2\/types\/post"}],"author":[{"embeddable":true,"href":"https:\/\/obiectiv-valcean.ro\/index.php\/wp-json\/wp\/v2\/users\/1"}],"replies":[{"embeddable":true,"href":"https:\/\/obiectiv-valcean.ro\/index.php\/wp-json\/wp\/v2\/comments?post=918"}],"version-history":[{"count":1,"href":"https:\/\/obiectiv-valcean.ro\/index.php\/wp-json\/wp\/v2\/posts\/918\/revisions"}],"predecessor-version":[{"id":920,"href":"https:\/\/obiectiv-valcean.ro\/index.php\/wp-json\/wp\/v2\/posts\/918\/revisions\/920"}],"wp:featuredmedia":[{"embeddable":true,"href":"https:\/\/obiectiv-valcean.ro\/index.php\/wp-json\/wp\/v2\/media\/919"}],"wp:attachment":[{"href":"https:\/\/obiectiv-valcean.ro\/index.php\/wp-json\/wp\/v2\/media?parent=918"}],"wp:term":[{"taxonomy":"category","embeddable":true,"href":"https:\/\/obiectiv-valcean.ro\/index.php\/wp-json\/wp\/v2\/categories?post=918"},{"taxonomy":"post_tag","embeddable":true,"href":"https:\/\/obiectiv-valcean.ro\/index.php\/wp-json\/wp\/v2\/tags?post=918"}],"curies":[{"name":"wp","href":"https:\/\/api.w.org\/{rel}","templated":true}]}}