{"id":908,"date":"2024-10-09T14:31:28","date_gmt":"2024-10-09T14:31:28","guid":{"rendered":"https:\/\/obiectiv-valcean.ro\/?p=908"},"modified":"2024-10-09T14:31:28","modified_gmt":"2024-10-09T14:31:28","slug":"valcea-pitoreasca-pe-traseele-montane-din-judetul-valcea-xx-vaideeni-bradateaua-mica-dealul-capela-bradateaua-mare-vaideeni-marcaj-punct-albastru","status":"publish","type":"post","link":"https:\/\/obiectiv-valcean.ro\/index.php\/2024\/10\/09\/valcea-pitoreasca-pe-traseele-montane-din-judetul-valcea-xx-vaideeni-bradateaua-mica-dealul-capela-bradateaua-mare-vaideeni-marcaj-punct-albastru\/","title":{"rendered":"V\u00e2lcea pitoreasc\u0103. Pe traseele montane din jude\u0163ul V\u00e2lcea; XX. Vaideeni \u2013 Br\u0103d\u0103\u0163eaua Mic\u0103 \u2013 Dealul Capela \u2013 Br\u0103d\u0103\u0163eaua Mare \u2013 Vaideeni (marcaj punct albastru)"},"content":{"rendered":"<p><strong>Este cel mai mic traseu omologat din zona Vaideeni<\/strong>. Dealurile din jurul comunei Vaideeni ofer\u0103 o priveli\u0219te de neuitat pentru cei care poposesc la pensiunile din zon\u0103.<\/p>\n<div class=\"e6219d6b3f8ec646e4cb39e8fa5294e4\" data-index=\"3\">\n<div class=\"demand-supply\" data-ad=\"ramnicuvalceaweek.ro_sticky_mobile_top\" data-devices=\"m:1,t:0,d:0\"><\/div>\n<\/div>\n<p><strong>Informa\u021bii despre traseu:<\/strong><\/p>\n<p>Vaideeni \u2013Br\u0103d\u0103\u0163eaua Mic\u0103 \u2013 Dealul Capela (816m) \u2013 Br\u0103d\u0103\u0163eaua Mare \u2013 Vaideeni Mun\u0163ii C\u0103p\u0103\u0163\u00e2nii, jude\u0163ul V\u00e2lcea<\/p>\n<p>Marcaj: punct albastru<\/p>\n<p>Durata: 1,5 \u2013 2 ore<\/p>\n<p>Dificultate: Traseu \u00een circuit cu grad mic de dificultate (diferen\u0163a de nivel de 206m)<br \/>\nRecomandare: Se poate parcurge vara \u015fi iarna<\/p>\n<p><strong>Descrierea detaliat\u0103 a traseului:<\/strong><\/p>\n<p>\u00cen satul Vaideeni au fost \u00eenscrise \u015fi satisfac corespunz\u0103tor baremul de dotare \u015fi confort, un num\u0103r de 15 gospod\u0103rii, care au primit \u015fi pot primi oric\u00e2nd oaspe\u0163i din \u0163ar\u0103 \u015fi din afar\u0103, care prefer\u0103 acest gen de turism, cu cazare individualizat\u0103, evit\u00e2nd astfel cazarea comun\u0103 de tip caban\u0103, hotel, bloc, forme care nu rezolv\u0103 la modul optim odihna, \u015fi nu \u00eenl\u0103tur\u0103 complet stresul de aglomerare, de care sufer\u0103 numero\u015fi oameni din cei care tr\u0103iesc \u00een furnicarul ora\u015felor. Pe l\u00e2ng\u0103 aceste posibilit\u0103\u0163i de cazare exist\u0103 \u015fi 4 pensiuni si agropensiuni \u00een comuna Vaideeni. Nu lipsesc nici casele \u00een forma literei A din comuna Vaideeni, cu acoperi\u0219 \u00een dou\u0103 ape \u0219i ferestre mari, cu vedere panoramic\u0103.<\/p>\n<div class=\"e6219d6b3f8ec646e4cb39e8fa5294e4\" data-index=\"4\"><\/div>\n<p>Traseul \u00een circuit pe dealurile\u00a0\u00a0<strong>Br\u0103d\u0103\u0163eaua Mic\u0103, Dealul Capela \u0219i Br\u0103d\u0103\u0163eaua Mare ofer\u0103 iubitorilor de drume\u021bii peisaje panoramice minunate, flori de c\u00e2mp care te \u00eembie cu mirosul lor ame\u021bitor, drumuri forestiere \u0219i poteci line pe care se pot merge u\u0219or, f\u0103r\u0103 dificultate.<\/strong><\/p>\n<p>&nbsp;<\/p>\n<p><strong>Recomand\u0103ri:<\/strong><\/p>\n<p>Traseul nu necesit\u0103 echipament special: \u00a0pantof sport cu talp\u0103 aderent\u0103 tip Vibram, bluz\u0103 de v\u00e2nt, rucsac&gt;25 litri.<\/p>\n<p><em>Celebra comunitate de oieri din Oltenia de sub Munte, urma\u015fi ai ciobanilor ungureni din Ardeal, pariaz\u0103 pe turism, mai ales c\u0103 activitatea de baz\u0103 \u2013 oieritul \u2013 este \u00een regres.\u00a0Localnicii au venit cu\u00a0ideea de a-\u015fi reabilita \u015fi transforma vechile case b\u0103tr\u00e2ne\u015fti\u00a0\u00een spa\u0163ii de cazare, dup\u0103 modelul deja patentat cu succes \u00een Ardeal. Localnici inimo\u0219i ai Vaideeniului fac tot posibilul pentru a salva \u015fi a conserva c\u00e2t mai mult din specificul, tradi\u0163iile \u015fi obiceiurile locului. M\u0103rturie stau evenimentele numeroase organizate pentru iubitorii de rom\u00e2nism pur \u00een localitatea de sub munte.<\/em><\/p>\n<p><em>Campanie de informare derulat\u0103 cu fonduri de la Consiliul Jude\u0163ean V\u00e2lcea, \u00een cadrul proiectului \u201eV\u00e2lcea pitoreasc\u0103. Pe traseele montane din jude\u0163ul V\u00e2lcea\u201d<\/em><\/p>\n","protected":false},"excerpt":{"rendered":"<p>Este cel mai mic traseu omologat din zona Vaideeni. Dealurile din jurul comunei Vaideeni ofer\u0103 o priveli\u0219te de neuitat pentru cei care poposesc la pensiunile din zon\u0103. Informa\u021bii despre traseu: Vaideeni \u2013Br\u0103d\u0103\u0163eaua Mic\u0103 \u2013 Dealul Capela (816m) \u2013 Br\u0103d\u0103\u0163eaua Mare \u2013 Vaideeni Mun\u0163ii C\u0103p\u0103\u0163\u00e2nii, jude\u0163ul V\u00e2lcea Marcaj: punct albastru Durata: 1,5 \u2013 2 ore Dificultate:&#8230;<\/p>\n","protected":false},"author":1,"featured_media":909,"comment_status":"open","ping_status":"open","sticky":false,"template":"","format":"standard","meta":{"footnotes":""},"categories":[13],"tags":[],"class_list":["post-908","post","type-post","status-publish","format-standard","has-post-thumbnail","hentry","category-comunicate"],"_links":{"self":[{"href":"https:\/\/obiectiv-valcean.ro\/index.php\/wp-json\/wp\/v2\/posts\/908","targetHints":{"allow":["GET"]}}],"collection":[{"href":"https:\/\/obiectiv-valcean.ro\/index.php\/wp-json\/wp\/v2\/posts"}],"about":[{"href":"https:\/\/obiectiv-valcean.ro\/index.php\/wp-json\/wp\/v2\/types\/post"}],"author":[{"embeddable":true,"href":"https:\/\/obiectiv-valcean.ro\/index.php\/wp-json\/wp\/v2\/users\/1"}],"replies":[{"embeddable":true,"href":"https:\/\/obiectiv-valcean.ro\/index.php\/wp-json\/wp\/v2\/comments?post=908"}],"version-history":[{"count":1,"href":"https:\/\/obiectiv-valcean.ro\/index.php\/wp-json\/wp\/v2\/posts\/908\/revisions"}],"predecessor-version":[{"id":910,"href":"https:\/\/obiectiv-valcean.ro\/index.php\/wp-json\/wp\/v2\/posts\/908\/revisions\/910"}],"wp:featuredmedia":[{"embeddable":true,"href":"https:\/\/obiectiv-valcean.ro\/index.php\/wp-json\/wp\/v2\/media\/909"}],"wp:attachment":[{"href":"https:\/\/obiectiv-valcean.ro\/index.php\/wp-json\/wp\/v2\/media?parent=908"}],"wp:term":[{"taxonomy":"category","embeddable":true,"href":"https:\/\/obiectiv-valcean.ro\/index.php\/wp-json\/wp\/v2\/categories?post=908"},{"taxonomy":"post_tag","embeddable":true,"href":"https:\/\/obiectiv-valcean.ro\/index.php\/wp-json\/wp\/v2\/tags?post=908"}],"curies":[{"name":"wp","href":"https:\/\/api.w.org\/{rel}","templated":true}]}}