{"id":905,"date":"2024-10-09T14:28:41","date_gmt":"2024-10-09T14:28:41","guid":{"rendered":"https:\/\/obiectiv-valcean.ro\/?p=905"},"modified":"2024-10-09T14:28:41","modified_gmt":"2024-10-09T14:28:41","slug":"valcea-pitoreasca-pe-traseele-montane-din-judetul-valcea-xix-vaideeni-valea-seaca-vf-teis-vaideeni","status":"publish","type":"post","link":"https:\/\/obiectiv-valcean.ro\/index.php\/2024\/10\/09\/valcea-pitoreasca-pe-traseele-montane-din-judetul-valcea-xix-vaideeni-valea-seaca-vf-teis-vaideeni\/","title":{"rendered":"V\u00e2lcea pitoreasc\u0103. Pe traseele montane din jude\u0163ul V\u00e2lcea XIX. Vaideeni \u2013 Valea Seac\u0103 \u2013 Vf. Tei\u015f \u2013 Vaideeni"},"content":{"rendered":"<p>Aflat\u0103 \u00een nord-vestul jude\u021bului V\u00e2lcea, chiar la poalele Mun\u021bilor C\u0103p\u0103\u021b\u00e2nii, \u00een extremitatea nordic\u0103 a depresiunii subcarpatice Horezu, comuna Vaideeni are \u00een componen\u0163\u0103 satele Cerna, Cornet, Izvoru Rece, Mari\u021ba \u0219i Vaideeni. Peisajele de aici te las\u0103 f\u0103r\u0103 respira\u0163ie \u00een orice anotimp, iar tradi\u0163iile locului te \u00eembie s\u0103 retr\u0103ie\u015fti vremuri demult uitate.<\/p>\n<div class=\"e6219d6b3f8ec646e4cb39e8fa5294e4\" data-index=\"3\">\n<div class=\"demand-supply\" data-ad=\"ramnicuvalceaweek.ro_sticky_mobile_top\" data-devices=\"m:1,t:0,d:0\"><\/div>\n<\/div>\n<p><strong>Informa\u021bii despre traseu:<\/strong><\/p>\n<p>Vaideeni (610m) \u2013 Valea Seac\u0103 \u2013 Vf. Tei\u015f (889m) \u2013 Vaideeni<br \/>\nMun\u0163ii C\u0103p\u0103\u0163\u00e2nii, jude\u0163ul V\u00e2lcea<\/p>\n<p>Marcaj punct ro\u0219u<\/p>\n<p>Durata: 2-3 ore<br \/>\nTraseu \u00een circuit cu grad mic de dificultate (diferen\u0163a de nivel de 347m)<br \/>\nRecomandare: Se poate parcurge vara \u015fi iarna<br \/>\nNu necesit\u0103 echipament special pentru deplasare<\/p>\n<p><strong>Descrierea detaliat\u0103 a traseului:<\/strong><\/p>\n<p>Dac\u0103 vizitezi Vaideeniul\u00a0 (610 metri) de sub poalele mun\u021bilor C\u0103p\u0103\u021b\u00e2nii, nu ai cum s\u0103 ratezi obiectivele turistice \u0219i monumentele istorice din aceast\u0103 zon\u0103 minunat\u0103, dar \u0219i s\u0103 admiri portul popular specific zonei, sau s\u0103 faci cuno\u0219tiin\u021b\u0103 cu arti\u0219ti care duc mai departe tradi\u021biile:<\/p>\n<ul>\n<li>Biserica de lemn cu hramul \u201cCuvioasa Paraschiva,, din satul Mari\u021ba, cea mai veche biseric\u0103 de lemn din Oltenia (1557);<\/li>\n<li>Biserica de zid cu hramul \u201cSf. Ioan Botez\u0103torul,, (1877) din satul Vaideeni;<\/li>\n<li>Biserica de lemn cu hramul \u201cCuvioasa Paraschiva,, (1893) din satul Cornet;<\/li>\n<li>Centrul etnografic Vaideeni \u2013 important centru etnofolcloric, legat de transhuman\u0163\u0103 \u015fi obiceiurile pastorale, renumit pentru prelucrarea artistic\u0103 a pieilor, l\u00e2nilor \u015fi confec\u0163ionarea de instrumente muzicale, port popular ciob\u0103nesc cu influen\u0163e din zona M\u0103rginimii Sibiului<\/li>\n<li>Arhitectura tradi\u0163ional\u0103 \u2013 case vechi cu pridvor, specifice zonei etnografice \u201cOltenia de sub munte\u201d \u015fi case cu ocol, specifice M\u0103rginimii Sibiului<\/li>\n<li>Costum popular, \u00een dou\u0103 culori, alb \u015fi negru, asem\u0103n\u0103tor zonei M\u0103rginimii Sibiului<\/li>\n<li>Cus\u0103turi \u015fi \u0163es\u0103turi artistice (desagi), me\u015fte\u015fuguri cu o r\u0103sp\u00e2ndire din ce \u00een ce mai redus\u0103<\/li>\n<li>Confec\u0163ionare de instrumente muzicale \u2013 fluiere<\/li>\n<li>Prelucrarea artistic\u0103 a lemnului \u2013 obiecte de uz gospod\u0103resc: l\u0103zi, co\u015furi, furci de tors l\u00e2na, etc.<\/li>\n<\/ul>\n<p>Din Vaideeni dou\u0103 drumuri de plai conduc spre st\u00e2ni \u015fi sunt trasee turistice de intrare, dinspre sud, \u00een masivele C\u0103p\u0103\u021b\u00e2nii \u0219i Par\u00e2ng.<\/p>\n<div class=\"e6219d6b3f8ec646e4cb39e8fa5294e4\" data-index=\"4\"><\/div>\n<p>Tot pe aceste meleaguri se desf\u0103\u015foar\u0103 anual, \u00een ultima duminic\u0103 a lunii iunie \u015fi Festivalul de folclor p\u0103storesc \u201c\u00cenv\u00e2rtita Dorului\u201d. De asemenea aici se \u021bine \u0219i Festivalului sculptorilor cu drujba, eveniment anual gazduit de agropensiunea Cerna.<\/p>\n<p>Suprafa\u021ba comunei Vaideeni este acoperit\u0103 de p\u0103duri \u00een propor\u0163ie de 60%. Satul Vaideeni reprezint\u0103 re\u0219edin\u021ba comunei \u015fi este situat \u00een bazinul r\u00e2ului Luncav\u0103\u021b, afluentul Oltului, \u00een ale c\u0103rui valuri curge istoria portului autentic ciob\u0103nesc \u015fi \u0163\u0103r\u0103nesc.<\/p>\n<p>Prima atestare documentar\u0103 a satului Vaideeni dateaz\u0103 din sec. al XVI-lea, din timpul lui Radu cel Mare.<\/p>\n<p>Locuitorii din Vai de Ei, \u201cau fost st\u0103p\u00e2ni netulbura\u0163i de nimeni din mo\u015fi str\u0103mo\u015fi pe aceste meleaguri\u201d se consemneaz\u0103 \u00een Hrisovul lui Radu cel Mare. Satul Vai de Ei a supravie\u0163uit p\u00e2n\u0103 \u00een sec al XIX-lea, c\u00e2nd s-a m\u0103rit prin venirea m\u0103rginenilor sibieni, purt\u00e2nd de atunci numele de Vaideeni.<\/p>\n<p>Din Vaideeni po\u021bi urca prin Valea Seac\u0103\u00a0 la Vf. Tei\u0219 (889 m.) Drumul este forestier cu poteci amenajate, \u0219i nu prezint\u0103 por\u021biuni accidentate.<\/p>\n<p>Fiind un drum \u00een circuit, dac\u0103 ai uitat cumva vreun obiectiv turistic de vizitat, o po\u021bi face la \u00eentoarcere.<\/p>\n<p><strong>\u00a0<\/strong><strong>\u00a0<\/strong><\/p>\n<p><strong>Recomand\u0103ri:<\/strong><\/p>\n<p>Traseul nu necesit\u0103 echipament special: \u00a0pantof sport cu talp\u0103 aderent\u0103 tip Vibram, bluz\u0103 de v\u00e2nt, rucsac&gt;25 litri.<\/p>\n<p><strong><em>Localitatea Vaideeni apare din ce \u00een ce mai des \u00een aten\u0163ia rom\u00e2nilor prin frumuse\u0163ea lui, istoria, prin peisajul pitoresc. Aici se \u00eent\u00e2lnesc \u201coamenii de sub munte\u201d, oameni pe care \u00eei une\u015fte muzica, folclorul tradi\u0163ional p\u0103storesc, portul \u00een alb \u015fi negru, tocanul \u015fi iubirea de munte.<\/em><\/strong>\u00a0<em>Aici \u00eent\u00e2lne\u0219ti familii cu renume precum Jin\u0103renii, Vinerenii, S\u0103li\u015ftenii, neamuri cu istoria lor, adus\u0103 cu transhuman\u0163a de dincolo de Carpa\u0163i.<\/em><\/p>\n<p>&nbsp;<\/p>\n<p><em>Campanie de informare derulat\u0103 cu fonduri de la Consiliul Jude\u0163ean V\u00e2lcea, \u00een cadrul proiectului \u201eV\u00e2lcea pitoreasc\u0103. Pe traseele montane din jude\u0163ul V\u00e2lcea\u201d<\/em><\/p>\n","protected":false},"excerpt":{"rendered":"<p>Aflat\u0103 \u00een nord-vestul jude\u021bului V\u00e2lcea, chiar la poalele Mun\u021bilor C\u0103p\u0103\u021b\u00e2nii, \u00een extremitatea nordic\u0103 a depresiunii subcarpatice Horezu, comuna Vaideeni are \u00een componen\u0163\u0103 satele Cerna, Cornet, Izvoru Rece, Mari\u021ba \u0219i Vaideeni. Peisajele de aici te las\u0103 f\u0103r\u0103 respira\u0163ie \u00een orice anotimp, iar tradi\u0163iile locului te \u00eembie s\u0103 retr\u0103ie\u015fti vremuri demult uitate. Informa\u021bii despre traseu: Vaideeni (610m)&#8230;<\/p>\n","protected":false},"author":1,"featured_media":906,"comment_status":"open","ping_status":"open","sticky":false,"template":"","format":"standard","meta":{"footnotes":""},"categories":[13],"tags":[],"class_list":["post-905","post","type-post","status-publish","format-standard","has-post-thumbnail","hentry","category-comunicate"],"_links":{"self":[{"href":"https:\/\/obiectiv-valcean.ro\/index.php\/wp-json\/wp\/v2\/posts\/905","targetHints":{"allow":["GET"]}}],"collection":[{"href":"https:\/\/obiectiv-valcean.ro\/index.php\/wp-json\/wp\/v2\/posts"}],"about":[{"href":"https:\/\/obiectiv-valcean.ro\/index.php\/wp-json\/wp\/v2\/types\/post"}],"author":[{"embeddable":true,"href":"https:\/\/obiectiv-valcean.ro\/index.php\/wp-json\/wp\/v2\/users\/1"}],"replies":[{"embeddable":true,"href":"https:\/\/obiectiv-valcean.ro\/index.php\/wp-json\/wp\/v2\/comments?post=905"}],"version-history":[{"count":1,"href":"https:\/\/obiectiv-valcean.ro\/index.php\/wp-json\/wp\/v2\/posts\/905\/revisions"}],"predecessor-version":[{"id":907,"href":"https:\/\/obiectiv-valcean.ro\/index.php\/wp-json\/wp\/v2\/posts\/905\/revisions\/907"}],"wp:featuredmedia":[{"embeddable":true,"href":"https:\/\/obiectiv-valcean.ro\/index.php\/wp-json\/wp\/v2\/media\/906"}],"wp:attachment":[{"href":"https:\/\/obiectiv-valcean.ro\/index.php\/wp-json\/wp\/v2\/media?parent=905"}],"wp:term":[{"taxonomy":"category","embeddable":true,"href":"https:\/\/obiectiv-valcean.ro\/index.php\/wp-json\/wp\/v2\/categories?post=905"},{"taxonomy":"post_tag","embeddable":true,"href":"https:\/\/obiectiv-valcean.ro\/index.php\/wp-json\/wp\/v2\/tags?post=905"}],"curies":[{"name":"wp","href":"https:\/\/api.w.org\/{rel}","templated":true}]}}