{"id":902,"date":"2024-10-09T14:25:30","date_gmt":"2024-10-09T14:25:30","guid":{"rendered":"https:\/\/obiectiv-valcean.ro\/?p=902"},"modified":"2024-10-09T14:25:30","modified_gmt":"2024-10-09T14:25:30","slug":"valcea-pitoreasca-pe-traseele-montane-din-judetul-valcea-viii-lacul-balota-izvoarele-luncavatului-coasta-lacurilor-vf-nedeia","status":"publish","type":"post","link":"https:\/\/obiectiv-valcean.ro\/index.php\/2024\/10\/09\/valcea-pitoreasca-pe-traseele-montane-din-judetul-valcea-viii-lacul-balota-izvoarele-luncavatului-coasta-lacurilor-vf-nedeia\/","title":{"rendered":"V\u00e2lcea pitoreasc\u0103. Pe traseele montane din jude\u0163ul V\u00e2lcea VIII. Lacul Balota \u2013 Izvoarele Luncav\u0103\u0163ului \u2013 Coasta Lacurilor \u2013 Vf. Nedeia"},"content":{"rendered":"<p>V\u00e2rful Nedeia, cel mai \u00eenalt punct al Mun\u021bilor C\u0103p\u0103\u021b\u00e2nii este o experien\u021b\u0103 unic\u0103. Dac\u0103 ai parte de zile senine, pentru oricine ajunge la cota 2130 metri, po\u021bi admira de jur \u00eemprejur, \u00eencep\u00e2nd cu Par\u00e2ngul, Curm\u0103tura Olte\u021bului, Piatra T\u00e2rnovului, ascu\u021bit\u0103 ca un fer\u0103str\u0103u, T\u00e2rnovul Mare, T\u00e2rnovul Mic, V\u00e2rful Roman, V\u00e2rful Ursu, Balota, Beleoaia, \u00eentr-un cuv\u00e2nt tot masivul.<\/p>\n<div class=\"e6219d6b3f8ec646e4cb39e8fa5294e4\" data-index=\"3\">\n<div class=\"demand-supply\" data-ad=\"ramnicuvalceaweek.ro_sticky_mobile_top\" data-devices=\"m:1,t:0,d:0\"><\/div>\n<\/div>\n<div class=\"teads-inread sm-screen\">\n<div>\n<div class=\"teads-ui-components-adchoices\"><\/div>\n<div class=\"teads-ui-components-label\"><strong>Informa\u021bii despre traseu:<\/strong><\/div>\n<\/div>\n<\/div>\n<p>Lacul Balota (1200m)\u2013 Izvoarele Luncav\u0103\u0163ului \u2013 Coasta Lacurilor (1740m)\u2013 Vf. Nedeia (2130m)<\/p>\n<p>Marcaj: punct albastru<\/p>\n<p>Durat\u0103: 4-5 ore<\/p>\n<p>Dificultate: Grad mic spre mediu de dificultate, diferen\u0163a de nivel fiind de 930m. Se recomand\u0103 vara \u015fi toamna; nu se recomand\u0103 iarna.<\/p>\n<p>Recomandare: Poate fi traseu de leg\u0103tur\u0103 \u00eentre Lacul Balota \u015fi Culmea Mun\u0163ilor C\u0103p\u0103\u0163\u00e2nii \u00een sectorul celui mai \u00eenalt v\u00e2rf, Nedeia (2130m) dar poate fi folosit \u015fi ca circuit cu parcurgerea traseului de culme \u00eentre Vf. Nedeia \u015fi Vf. Balota, cu \u00eentoarcere pe traseul nr. 1 \u00een sens invers.<\/p>\n<p><strong>Descrierea detaliat\u0103 a traseului:<\/strong><\/p>\n<p>Traseul porne\u0219te de la Lacul Balota, unde turi\u0219tii pot s\u0103 se bucure de frumuse\u021bea \u0219i claritatea lacului, \u00eenconjurat de peisaje naturale minunate. Dup\u0103 vizita la lac, traseul continu\u0103 c\u0103tre Izvoarele Luncav\u0103\u021bului, unde natura s\u0103lbatic\u0103 \u00ee\u021bi taie r\u0103suflarea. Izvoarele se revars\u0103 \u00een cascade pitore\u0219ti, cre\u00e2nd o priveli\u0219te spectaculoas\u0103. De-a lungul drumului forestier, se \u00eent\u00e2lnesc por\u021biuni mai abrupte \u0219i st\u00e2ncoase, \u00een special \u00een zona Coastei Lacurilor, locul de unde izvor\u00e2\u0219te Cerna, \u00a0\u0219i pe drumul c\u0103tre V\u00e2rful Nedeia.<\/p>\n<p>Pe acest traseu se afl\u0103 dou\u0103 obiective tursitice importante: Refugiile Ca\u0219erie,\u00a0 care sunt renovate an de an, aprovizionate cu lemne \u0219i preg\u0103tite pentru sezonul rece. Acestea dispun de dou\u0103 camere: una pentru echipele salvamont aflate \u00een patrulare sau interven\u021bie, iar cealalt\u0103 pentru turi\u0219tii afla\u021bi \u00een dificultate sau care parcurg trasee turistice \u0219i au nevoie de un loc de odihn\u0103, repaus \u0219i ad\u0103post.<\/p>\n<div class=\"e6219d6b3f8ec646e4cb39e8fa5294e4\" data-index=\"4\"><\/div>\n<p>Pentru cei pasiona\u021bi de drume\u021bii, parcurgerea traseului de creast\u0103 dintre V\u00e2rful Nedeia \u0219i V\u00e2rful Balota este o adev\u0103rat\u0103 aventur\u0103, oferind panorame uimitoare. \u00a0\u00cen luna iunie, pe alocuri, se pot observa \u0219i bujorii de munte, care adaug\u0103 un farmec aparte peisajului.<\/p>\n<p><strong>Echipament necesar de complexitate medie:<\/strong><\/p>\n<p>\u2013 \u00cenc\u0103l\u021b\u0103minte: gheata\/espadrila cu talpa aderenta tip Vibram<\/p>\n<p>\u2013 \u00cembr\u0103c\u0103minte impermeabil\u0103 \u2013\u00a0pantalon \u0219i bluz\u0103<\/p>\n<p>\u2013 Accesorii: Be\u021be de trekking, lantern\u0103 frontal\u0103, h\u0103r\u021bi GPS, busol\u0103, rucsac u\u0219or, dar \u00eenc\u0103p\u0103tor \u2013 sub 25 kg.<\/p>\n<p>&nbsp;<\/p>\n<p><strong>Recomandare suplimentar\u0103<\/strong><\/p>\n<p>Traseul se desf\u0103\u0219oar\u0103 pe poteci cu por\u021biuni accidentate, grohoti\u0219uri, pante alunecoase cu grad de \u00eenclinare mediu.<\/p>\n<p>&nbsp;<\/p>\n<p><em>Peisajele spectaculoase, varietatea florei \u0219i a faunei, dar \u0219i aerul proasp\u0103t de munte, toate acestea transform\u0103 Mun\u021bii C\u0103p\u0103\u021b\u00e2nii \u00eentr-o destina\u021bie atr\u0103g\u0103toare,<\/em>\u00a0<em>o zon\u0103 cu potential extraordinar.<\/em><\/p>\n<p><em>\u00a0V\u00e2rfurile Nedeia \u0219i Balota ofer\u0103 cele mai frumoase priveli\u0219ti. Pe durata lunilor de iarn\u0103 v\u00e2rfurile sunt acoperite cu z\u0103pad\u0103. C\u00e2nd vine vara, aici po\u021bi s\u0103 te plimbi pe traseele montane \u0219i s\u0103 fii \u00eenconjurat de lini\u0219tea \u0219i armonia naturii. P\u0103durile dese sunt o caracteristic\u0103 specific\u0103 lan\u021bului carpatic, iar acestea reprezint\u0103 totodat\u0103 habitatul unui num\u0103r impresionant de plante \u0219i animale. \u00cen Mun\u021bii C\u0103p\u0103\u021b\u00e2nii se afl\u0103 \u00a0specii de plante endemice, nemai\u00eent\u00e2lnite nic\u0103ieri.<\/em><\/p>\n<p><em>Campanie de informare derulat\u0103 cu fonduri de la Consiliul Jude\u0163ean V\u00e2lcea, \u00een cadrul proiectului \u201eV\u00e2lcea pitoreasc\u0103. Pe traseele montane din jude\u0163ul V\u00e2lcea\u201d<\/em><\/p>\n","protected":false},"excerpt":{"rendered":"<p>V\u00e2rful Nedeia, cel mai \u00eenalt punct al Mun\u021bilor C\u0103p\u0103\u021b\u00e2nii este o experien\u021b\u0103 unic\u0103. Dac\u0103 ai parte de zile senine, pentru oricine ajunge la cota 2130 metri, po\u021bi admira de jur \u00eemprejur, \u00eencep\u00e2nd cu Par\u00e2ngul, Curm\u0103tura Olte\u021bului, Piatra T\u00e2rnovului, ascu\u021bit\u0103 ca un fer\u0103str\u0103u, T\u00e2rnovul Mare, T\u00e2rnovul Mic, V\u00e2rful Roman, V\u00e2rful Ursu, Balota, Beleoaia, \u00eentr-un cuv\u00e2nt tot&#8230;<\/p>\n","protected":false},"author":1,"featured_media":903,"comment_status":"open","ping_status":"open","sticky":false,"template":"","format":"standard","meta":{"footnotes":""},"categories":[13],"tags":[],"class_list":["post-902","post","type-post","status-publish","format-standard","has-post-thumbnail","hentry","category-comunicate"],"_links":{"self":[{"href":"https:\/\/obiectiv-valcean.ro\/index.php\/wp-json\/wp\/v2\/posts\/902","targetHints":{"allow":["GET"]}}],"collection":[{"href":"https:\/\/obiectiv-valcean.ro\/index.php\/wp-json\/wp\/v2\/posts"}],"about":[{"href":"https:\/\/obiectiv-valcean.ro\/index.php\/wp-json\/wp\/v2\/types\/post"}],"author":[{"embeddable":true,"href":"https:\/\/obiectiv-valcean.ro\/index.php\/wp-json\/wp\/v2\/users\/1"}],"replies":[{"embeddable":true,"href":"https:\/\/obiectiv-valcean.ro\/index.php\/wp-json\/wp\/v2\/comments?post=902"}],"version-history":[{"count":1,"href":"https:\/\/obiectiv-valcean.ro\/index.php\/wp-json\/wp\/v2\/posts\/902\/revisions"}],"predecessor-version":[{"id":904,"href":"https:\/\/obiectiv-valcean.ro\/index.php\/wp-json\/wp\/v2\/posts\/902\/revisions\/904"}],"wp:featuredmedia":[{"embeddable":true,"href":"https:\/\/obiectiv-valcean.ro\/index.php\/wp-json\/wp\/v2\/media\/903"}],"wp:attachment":[{"href":"https:\/\/obiectiv-valcean.ro\/index.php\/wp-json\/wp\/v2\/media?parent=902"}],"wp:term":[{"taxonomy":"category","embeddable":true,"href":"https:\/\/obiectiv-valcean.ro\/index.php\/wp-json\/wp\/v2\/categories?post=902"},{"taxonomy":"post_tag","embeddable":true,"href":"https:\/\/obiectiv-valcean.ro\/index.php\/wp-json\/wp\/v2\/tags?post=902"}],"curies":[{"name":"wp","href":"https:\/\/api.w.org\/{rel}","templated":true}]}}