{"id":893,"date":"2024-09-29T14:09:50","date_gmt":"2024-09-29T14:09:50","guid":{"rendered":"https:\/\/obiectiv-valcean.ro\/?p=893"},"modified":"2024-10-09T14:11:53","modified_gmt":"2024-10-09T14:11:53","slug":"valcea-pitoreasca-pe-traseele-montane-din-judetul-valcea-ii","status":"publish","type":"post","link":"https:\/\/obiectiv-valcean.ro\/index.php\/2024\/09\/29\/valcea-pitoreasca-pe-traseele-montane-din-judetul-valcea-ii\/","title":{"rendered":"V\u00e2lcea pitoreasc\u0103. Pe traseele montane din jude\u0163ul V\u00e2lcea (II)"},"content":{"rendered":"<p><em>Descoper\u0103 la pas lumea mirific\u0103 a zonei montane a jude\u021bului V\u00e2lcea, din inima Rom\u00e2niei! De la trasee montane grele, la trasee panoramice, de f\u0103cut cu familia \u0219i cu copii, la trasee u\u0219oare de plimbare prin zona sta\u021biunilor balneare sau pe la poalele muntelui, V\u00e2lcea ofer\u0103 experien\u021be de neuitat pentru to\u021bi iubitorii de natur\u0103 \u0219i aventur\u0103. Traseele montane din nord-vestul V\u00e2lcii sunt de-a dreptul spectaculoase, iar noi v\u0103 vom prezenta o parte din acestea.<\/em><\/p>\n<div class=\"e6219d6b3f8ec646e4cb39e8fa5294e4\" data-index=\"3\">\n<div class=\"demand-supply\" data-ad=\"ramnicuvalceaweek.ro_sticky_mobile_top\" data-devices=\"m:1,t:0,d:0\">Traseul Vaideeni \u2013 Valea Luncav\u0103\u0163ului \u2013 Podul lui Pas\u0103re \u2013 Lacul Balota \u2013 St\u00e2na Balota \u2013 Vf. C\u0103p\u0103\u0163\u00e2na<\/div>\n<\/div>\n<p>Acest traseu spectaculos \u0219i provocator din Mun\u021bii C\u0103p\u0103\u021b\u00e2nii, jude\u021bul V\u00e2lcea, ofer\u0103 o experien\u021b\u0103 de neuitat pentru drume\u021bii experimenta\u021bi. Traseul urm\u0103re\u0219te marcajul cruce ro\u0219ie \u0219i traverseaz\u0103 o varietate de peisaje montane, de la v\u0103i pitore\u0219ti p\u00e2n\u0103 la v\u00e2rfuri st\u00e2ncoase. Este recomandat vara \u0219i toamna, dar poate fi parcurs \u0219i iarna de cei cu experien\u021b\u0103 \u0219i echipament adecvat.<\/p>\n<p>&nbsp;<\/p>\n<p>Itinerariu Detaliat<\/p>\n<ol>\n<li>Vaideeni (610 m)<\/li>\n<\/ol>\n<p>\u2013 Descriere: Punctul de plecare al traseului, localitatea Vaideeni, se afl\u0103 la altitudinea de 610 metri. Aici \u00eencepe urcarea de-a lungul V\u0103ii Luncav\u0103\u021bului.<\/p>\n<p>&nbsp;<\/p>\n<ol start=\"2\">\n<li>Valea Luncav\u0103\u0163ului<\/li>\n<\/ol>\n<p>\u2013 Descriere: Traseul urmeaz\u0103 valea pitoreasc\u0103 a Luncav\u0103\u021bului, oferind priveli\u0219ti impresionante \u0219i aer curat.<\/p>\n<p>&nbsp;<\/p>\n<ol start=\"3\">\n<li>Podul lui Pas\u0103re (909 m)<\/li>\n<\/ol>\n<p>\u2013 Descriere: Prima oprire major\u0103 este Podul lui Pas\u0103re, situat la 909 metri altitudine. De aici, traseul \u00eencepe s\u0103 devin\u0103 mai abrupt.<\/p>\n<div class=\"e6219d6b3f8ec646e4cb39e8fa5294e4\" data-index=\"4\"><\/div>\n<p>&nbsp;<\/p>\n<ol start=\"4\">\n<li>Lacul Balota (1200 m)<\/li>\n<\/ol>\n<p>\u2013 Descriere: Urm\u0103toarea etap\u0103 este Lacul Balota, aflat la 1200 metri altitudine. Lacul ofer\u0103 un loc perfect pentru o pauz\u0103 \u0219i admirarea peisajului.<\/p>\n<p>&nbsp;<\/p>\n<ol start=\"5\">\n<li>St\u00e2na Balota (1600 m)<\/li>\n<\/ol>\n<p>\u2013 Descriere: Continu\u00e2nd ascensiunea, ajungem la St\u00e2na Balota, situat\u0103 la 1600 metri altitudine. De aici, traseul devine \u0219i mai dificil, preg\u0103tindu-se pentru ascensiunea final\u0103 c\u0103tre v\u00e2rf.<\/p>\n<p>&nbsp;<\/p>\n<ol start=\"6\">\n<li>Vf. C\u0103p\u0103\u0163\u00e2na (2097 m)<\/li>\n<\/ol>\n<p>\u2013 Descriere: V\u00e2rful C\u0103p\u0103\u021b\u00e2na, situat la 2097 metri, reprezint\u0103 punctul culminant al traseului. Priveli\u0219tea de pe v\u00e2rf este spectaculoas\u0103, oferind o panoram\u0103 de 360 de grade asupra Mun\u021bilor C\u0103p\u0103\u021b\u00e2nii \u0219i a \u00eemprejurimilor.<\/p>\n<p>&nbsp;<\/p>\n<p>Nivel de Dificultate \u0219i Echipament<\/p>\n<p>\u2013 Dificultate: Traseul are un grad mare de dificultate, \u00een special \u00een por\u021biunea final\u0103 dintre Lacul Balota \u0219i Vf. C\u0103p\u0103\u021b\u00e2na, unde diferen\u021ba de nivel este semnificativ\u0103 (610 m \u2013 2097 m).<\/p>\n<p>\u2013 Echipament: Este necesar un echipament montan adecvat, inclusiv bocanci, haine pentru condi\u021bii variabile de vreme, ap\u0103 \u0219i alimente suficiente. \u00cen timpul iernii, sunt necesare echipamente speciale, cum ar fi col\u021bari \u0219i piole\u021bi, \u0219i este recomandat doar celor cu experien\u021b\u0103 \u00een turele de iarn\u0103.<\/p>\n<p>&nbsp;<\/p>\n<p>Concluzie:<\/p>\n<p>Traseul Vaideeni \u2013 Vf. C\u0103p\u0103\u021b\u00e2na este o adev\u0103rat\u0103 provocare, dar r\u0103splata sub forma peisajelor impresionante \u0219i a satisfac\u021biei de a atinge v\u00e2rful face ca efortul s\u0103 merite din plin.<\/p>\n<p><em>\u00a0<\/em><\/p>\n<p><em>Campanie de informare derulat\u0103 cu fonduri de la Consiliul Jude\u0163ean V\u00e2lcea, \u00een cadrul proiectului \u201eV\u00e2lcea pitoreasc\u0103. Pe traseele montane din jude\u0163ul V\u00e2lcea\u201d<\/em><\/p>\n","protected":false},"excerpt":{"rendered":"<p>Descoper\u0103 la pas lumea mirific\u0103 a zonei montane a jude\u021bului V\u00e2lcea, din inima Rom\u00e2niei! De la trasee montane grele, la trasee panoramice, de f\u0103cut cu familia \u0219i cu copii, la trasee u\u0219oare de plimbare prin zona sta\u021biunilor balneare sau pe la poalele muntelui, V\u00e2lcea ofer\u0103 experien\u021be de neuitat pentru to\u021bi iubitorii de natur\u0103 \u0219i aventur\u0103&#8230;.<\/p>\n","protected":false},"author":1,"featured_media":894,"comment_status":"open","ping_status":"open","sticky":false,"template":"","format":"standard","meta":{"footnotes":""},"categories":[13],"tags":[],"class_list":["post-893","post","type-post","status-publish","format-standard","has-post-thumbnail","hentry","category-comunicate"],"_links":{"self":[{"href":"https:\/\/obiectiv-valcean.ro\/index.php\/wp-json\/wp\/v2\/posts\/893","targetHints":{"allow":["GET"]}}],"collection":[{"href":"https:\/\/obiectiv-valcean.ro\/index.php\/wp-json\/wp\/v2\/posts"}],"about":[{"href":"https:\/\/obiectiv-valcean.ro\/index.php\/wp-json\/wp\/v2\/types\/post"}],"author":[{"embeddable":true,"href":"https:\/\/obiectiv-valcean.ro\/index.php\/wp-json\/wp\/v2\/users\/1"}],"replies":[{"embeddable":true,"href":"https:\/\/obiectiv-valcean.ro\/index.php\/wp-json\/wp\/v2\/comments?post=893"}],"version-history":[{"count":1,"href":"https:\/\/obiectiv-valcean.ro\/index.php\/wp-json\/wp\/v2\/posts\/893\/revisions"}],"predecessor-version":[{"id":895,"href":"https:\/\/obiectiv-valcean.ro\/index.php\/wp-json\/wp\/v2\/posts\/893\/revisions\/895"}],"wp:featuredmedia":[{"embeddable":true,"href":"https:\/\/obiectiv-valcean.ro\/index.php\/wp-json\/wp\/v2\/media\/894"}],"wp:attachment":[{"href":"https:\/\/obiectiv-valcean.ro\/index.php\/wp-json\/wp\/v2\/media?parent=893"}],"wp:term":[{"taxonomy":"category","embeddable":true,"href":"https:\/\/obiectiv-valcean.ro\/index.php\/wp-json\/wp\/v2\/categories?post=893"},{"taxonomy":"post_tag","embeddable":true,"href":"https:\/\/obiectiv-valcean.ro\/index.php\/wp-json\/wp\/v2\/tags?post=893"}],"curies":[{"name":"wp","href":"https:\/\/api.w.org\/{rel}","templated":true}]}}