{"id":890,"date":"2024-09-26T14:04:34","date_gmt":"2024-09-26T14:04:34","guid":{"rendered":"https:\/\/obiectiv-valcean.ro\/?p=890"},"modified":"2024-10-09T14:06:31","modified_gmt":"2024-10-09T14:06:31","slug":"valcea-pitoreasca-pe-traseele-montane-din-judetul-valcea-i","status":"publish","type":"post","link":"https:\/\/obiectiv-valcean.ro\/index.php\/2024\/09\/26\/valcea-pitoreasca-pe-traseele-montane-din-judetul-valcea-i\/","title":{"rendered":"V\u00e2lcea pitoreasc\u0103. Pe traseele montane din jude\u0163ul V\u00e2lcea (I)"},"content":{"rendered":"<p><em>Descoper\u0103 la pas lumea mirific\u0103 a zonei montane a jude\u021bului V\u00e2lcea, din inima Rom\u00e2niei! De la trasee montane grele, la trasee panoramice, de f\u0103cut cu familia \u0219i cu copii, la trasee u\u0219oare de plimbare prin zona sta\u021biunilor balneare sau pe la poalele muntelui, V\u00e2lcea ofer\u0103 experien\u021be de neuitat pentru to\u021bi iubitorii de natur\u0103 \u0219i aventur\u0103. Traseele montane din nord-vestul V\u00e2lcii sunt de-a dreptul spectaculoase, iar noi v\u0103 vom prezenta o parte din acestea.<\/em><\/p>\n<div class=\"e6219d6b3f8ec646e4cb39e8fa5294e4\" data-index=\"3\">\n<div class=\"demand-supply\" data-ad=\"ramnicuvalceaweek.ro_sticky_mobile_top\" data-devices=\"m:1,t:0,d:0\"><\/div>\n<\/div>\n<p><strong><em>\u00a0<\/em><\/strong><\/p>\n<div class=\"teads-inread sm-screen\">\n<div>\n<div class=\"teads-ui-components-adchoices\"><\/div>\n<div class=\"teads-ui-components-label\">ADVERTISING<\/div>\n<div id=\"teads0\" class=\"teads-player\"><iframe title=\"vpaid-ui\" frameborder=\"0\" scrolling=\"no\" data-mce-fragment=\"1\"><\/iframe><\/div>\n<\/div>\n<\/div>\n<p>Traseu Montan: Vaideeni \u2013 Ciunget \u2013 Sta\u021biunea Voineasa (Mun\u021bii C\u0103p\u0103\u021b\u00e2nii, jude\u021bul V\u00e2lcea)<iframe class=\"teads-resize\" title=\"teads-resize\" data-mce-fragment=\"1\"><\/iframe><\/p>\n<p>&nbsp;<\/p>\n<p>Traseu: Vaideeni (610m) \u2013 Plaiul Fr\u0103sinet (1138m) \u2013 Vf. Ursule\u0163u (1601m) \u2013 Ursu St\u00e2na (1720m) \u2013 Vf. Ursu (2124m) \u2013 Muntele Groapa M\u0103l\u0103ii \u2013 La Ezer (1460m) \u2013 Curm\u0103tura Pope\u015ftilor (1020m) \u2013 Valea Repedea \u2013 Ciunget (650m)<\/p>\n<p>&nbsp;<\/p>\n<p>Descrierea Traseului:<\/p>\n<p>&nbsp;<\/p>\n<p>Plecarea este din comuna Vaideeni,<\/p>\n<p>punctul de plecare fiind chiar satul Vaideeni, situat la o altitudine de 610m. De acolo urci spre Plaiul Fr\u0103sinet (1138m), ating\u00e2nd o altitudine de 1138m. De aici, se urc\u0103 spre V\u00e2rful Ursule\u021bu, la 1601m, traseul oferind peisaje deosebite. Urm\u0103toarea destina\u021bie este Ursu St\u00e2na, situat\u0103 la 1720m. Aici se poate campa dac\u0103 se \u00eemparte traseul \u00een dou\u0103 etape. Punctul culminant al traseului este V\u00e2rful Ursu, la o altitudine de 2124m, fiind \u0219i cel mai \u00eenalt punct al traseului. Aici panoramele sunt absolut spectaculoase, peisajele l\u0103s\u00e2ndu-te efectiv f\u0103r\u0103 grai. Dup\u0103 V\u00e2rful Ursu, traseul coboar\u0103 spre Muntele Groapa M\u0103l\u0103ii. Continuarea cobor\u00e2rii duce la altitudinea de 1460m, la Ezer. Ulterior, se coboar\u0103 p\u00e2n\u0103 la Curm\u0103tura Pope\u0219tilor, la 1020m, iar traseul continu\u0103 pe Valea Repedea p\u00e2n\u0103 \u00een satul Ciunget, la 650m.<\/p>\n<div class=\"e6219d6b3f8ec646e4cb39e8fa5294e4\" data-index=\"4\"><\/div>\n<p>&nbsp;<\/p>\n<p>Informa\u021bii Generale:<\/p>\n<p>\u2013 Traseu de leg\u0103tur\u0103: Traseul face leg\u0103tura \u00eentre localitatea Vaideeni \u0219i satul Ciunget, situat pe Valea Latori\u021bei, \u0219i apoi cu Sta\u021biunea Voineasa.<\/p>\n<p>\u2013 Dificultate: Mare grad de dificultate, cu diferen\u021be de nivel semnificative (610m la urcare p\u00e2n\u0103 la 2124m, \u0219i cobor\u00e2re la 650m).<\/p>\n<p>\u2013 Recomand\u0103ri: Traseul este recomandat vara \u0219i toamna. Iarna, este accesibil doar persoanelor antrenate pentru ture de iarn\u0103 \u0219i se recomand\u0103 parcurgerea \u00een dou\u0103 etape.<\/p>\n<p>\u2013 Echipare: Este necesar\u0103 o echipare de complexitate medie.<\/p>\n<p>\u2013 Durata: 12-14 ore. Traseul se poate \u00eemp\u0103r\u021bi \u00een dou\u0103 etape cu \u00eenoptare la St\u00e2na Ursu V\u00e2rf sau la cort.<\/p>\n<p>&nbsp;<\/p>\n<p>Concluzie:<\/p>\n<p>Acest traseu montan ofer\u0103 o experien\u021b\u0103 de neuitat prin peisajele spectaculoase ale Mun\u021bilor C\u0103p\u0103\u021b\u00e2nii. De\u0219i este solicitant, frumuse\u021bea naturii \u0219i provoc\u0103rile oferite \u00eel fac o alegere excelent\u0103 pentru iubitorii de aventur\u0103.<\/p>\n<p>&nbsp;<\/p>\n<p><em>Campanie de informare derulat\u0103 cu fonduri de la Consiliul Jude\u0163ean V\u00e2lcea, \u00een cadrul proiectului \u201eV\u00e2lcea pitoreasc\u0103. Pe traseele montane din jude\u0163ul V\u00e2lcea\u201d<\/em><\/p>\n","protected":false},"excerpt":{"rendered":"<p>Descoper\u0103 la pas lumea mirific\u0103 a zonei montane a jude\u021bului V\u00e2lcea, din inima Rom\u00e2niei! De la trasee montane grele, la trasee panoramice, de f\u0103cut cu familia \u0219i cu copii, la trasee u\u0219oare de plimbare prin zona sta\u021biunilor balneare sau pe la poalele muntelui, V\u00e2lcea ofer\u0103 experien\u021be de neuitat pentru to\u021bi iubitorii de natur\u0103 \u0219i aventur\u0103&#8230;.<\/p>\n","protected":false},"author":1,"featured_media":891,"comment_status":"open","ping_status":"open","sticky":false,"template":"","format":"standard","meta":{"footnotes":""},"categories":[13],"tags":[],"class_list":["post-890","post","type-post","status-publish","format-standard","has-post-thumbnail","hentry","category-comunicate"],"_links":{"self":[{"href":"https:\/\/obiectiv-valcean.ro\/index.php\/wp-json\/wp\/v2\/posts\/890","targetHints":{"allow":["GET"]}}],"collection":[{"href":"https:\/\/obiectiv-valcean.ro\/index.php\/wp-json\/wp\/v2\/posts"}],"about":[{"href":"https:\/\/obiectiv-valcean.ro\/index.php\/wp-json\/wp\/v2\/types\/post"}],"author":[{"embeddable":true,"href":"https:\/\/obiectiv-valcean.ro\/index.php\/wp-json\/wp\/v2\/users\/1"}],"replies":[{"embeddable":true,"href":"https:\/\/obiectiv-valcean.ro\/index.php\/wp-json\/wp\/v2\/comments?post=890"}],"version-history":[{"count":1,"href":"https:\/\/obiectiv-valcean.ro\/index.php\/wp-json\/wp\/v2\/posts\/890\/revisions"}],"predecessor-version":[{"id":892,"href":"https:\/\/obiectiv-valcean.ro\/index.php\/wp-json\/wp\/v2\/posts\/890\/revisions\/892"}],"wp:featuredmedia":[{"embeddable":true,"href":"https:\/\/obiectiv-valcean.ro\/index.php\/wp-json\/wp\/v2\/media\/891"}],"wp:attachment":[{"href":"https:\/\/obiectiv-valcean.ro\/index.php\/wp-json\/wp\/v2\/media?parent=890"}],"wp:term":[{"taxonomy":"category","embeddable":true,"href":"https:\/\/obiectiv-valcean.ro\/index.php\/wp-json\/wp\/v2\/categories?post=890"},{"taxonomy":"post_tag","embeddable":true,"href":"https:\/\/obiectiv-valcean.ro\/index.php\/wp-json\/wp\/v2\/tags?post=890"}],"curies":[{"name":"wp","href":"https:\/\/api.w.org\/{rel}","templated":true}]}}