{"id":860,"date":"2024-09-18T13:53:44","date_gmt":"2024-09-18T13:53:44","guid":{"rendered":"https:\/\/obiectiv-valcean.ro\/?p=860"},"modified":"2024-09-18T13:53:44","modified_gmt":"2024-09-18T13:53:44","slug":"tavi-ciolacu-a-reusit-sa-aduca-localitatea-stroesti-printre-comunele-dezvoltate-ale-valcii","status":"publish","type":"post","link":"https:\/\/obiectiv-valcean.ro\/index.php\/2024\/09\/18\/tavi-ciolacu-a-reusit-sa-aduca-localitatea-stroesti-printre-comunele-dezvoltate-ale-valcii\/","title":{"rendered":"Tavi Ciolacu a reu\u0219it s\u0103 aduc\u0103 localitatea Stroe\u0219ti printre comunele dezvoltate ale V\u00e2lcii"},"content":{"rendered":"<div dir=\"auto\">Cu 2.600 de locuitori, comuna reu\u0219e\u0219te s\u0103 str\u00e2ng\u0103 la bugetul propriu venituri de aproximativ 1 milion de elei, dublu raportat la cei 550 de mii de lei, din mica industrie local\u0103, din zona agro \u0219i a unei popula\u021bii destul de \u00eenst\u0103rite. Aici sunt \u00eenregistrate \u0219i mai multe firme de construc\u021bii.<\/div>\n<div dir=\"auto\"><\/div>\n<div dir=\"auto\">Localitatea este una care se preteaz\u0103 la investi\u021bii, primarul Toma Ciolacu spune c\u0103 vrea ca localitate s\u0103 aib\u0103 o carte de vizit\u0103.<\/div>\n<div dir=\"auto\"><\/div>\n<div dir=\"auto\">\u00cembun\u0103t\u0103\u0163irea socio-economic\u0103 a unei comunit\u0103\u021bi presupune existen\u021ba unei infrastructuri de baz\u0103 \u0219i utilit\u0103\u021bi, astfel \u00eenc\u00e2t oamenii s\u0103 nu simt\u0103 mari diferen\u021be \u00eentre urban \u0219i rural. \u00cen opinia primarului din Stroe\u0219ti, Toma Ciolacu,\u00a0\u201dfiecare ales local \u00ee\u0219i dore\u0219te pentru localitatea sa s\u0103 asigure condi\u021bii optime de trai \u0219i dezvoltare economic\u0103.\u201d Iar acest lucru se observ\u0103 la tot pasul \u00een aceast\u0103 comun\u0103 care a \u00eencheiat anul 2020 cu multe realiz\u0103ri. \u00a0Drumuri asfaltate, institu\u021bii reabilitate, extinderi re\u021bele de ap\u0103, plus alte obiective au ridicat standardul de trai al comunit\u0103\u021bii.<\/div>\n<div dir=\"auto\"><\/div>\n<div dir=\"auto\">\u00cen 2024 se va finaliza extinderea re\u021belei de canalizare, construirea de trotuare, iluminatul public \u0219i va continua programul de asfaltare drumuri. Este o localitate care \u0219tie s\u0103-\u0219i conserve bine trecutul dar \u0219i s\u0103 fie deschis\u0103 la prezentul economic.<\/div>\n<div dir=\"auto\">\n<p>De altfel, lucr\u0103rile la programul de asfaltare drumuri se apropie de final, lucr\u0103ri finan\u021bate din bugetul locale.<\/p>\n<div class=\"e6219d6b3f8ec646e4cb39e8fa5294e4\" data-index=\"3\">\n<div class=\"demand-supply\" data-ad=\"ramnicuvalceaweek.ro_sticky_mobile_top\" data-devices=\"m:1,t:0,d:0\">\u201dVorbim de str\u0103zi reabilitate \u00een satele Cire\u0219u, Stroe\u0219ti, Dianu. Vor urma str\u0103zile din Pojogi \u0219i din Obroce\u0219ti. Mergem pe acele artere \u00een care avem deja utilit\u0103\u021bi \u0219i nu mai este nveoie de noi s\u0103p\u0103turi. Avem \u00een proiect \u0219i rigolele la aceste drumuri. Vrem s\u0103 avem o comun\u0103 model la nivel de infrastructur\u0103. Tot la un procent similar suntem cu lucr\u0103rile de reabilitare la Centrul Cultural din Pojogi\u201d, sus\u021bine primarul Toma Ciolacu.<\/div>\n<\/div>\n<p>La aceast\u0103 or\u0103, a sosit echipamentul IT \u0219i mobilierul pentrun \u0219coala gimnazial\u0103 din Stroe\u0219ti, \u00een urma unui program finan\u021bat prin PNRR.<\/p>\n<p>\u0218i tot cu fonduri europene se va semna \u0219i amenajarea, construirea \u0219i punerea \u00een folosin\u021b\u0103 a unui parc fotovoltaic pentru asigurarea necesarului de energie electric\u0103 \u00een localitate, \u00een satul Pojogi.<\/p>\n<\/div>\n<div dir=\"auto\"><\/div>\n<div class=\"e6219d6b3f8ec646e4cb39e8fa5294e4\" data-index=\"1\">\n<div id=\"M455885ScriptRootC701098_05fc0\">\n<div id=\"MarketGidComposite701098_05fc0\">\n<div>\n<div class=\"mgbox\">\n<div class=\"mgheader\"><\/div>\n<div class=\"row1\">\n<div class=\"mgline teaser-20721486 type-w\" data-i=\"JZ4hgS4hW63oHKbwzeAQB6EpWmAhpTIZJgk4l82FfC9392JgKm-0tpa6eAKZTE8g04Ql_1EFIl-4nzI97mdJ30w_wv9-XgnEgK2lRF_Esxs*\" data-observing-start=\"0\" data-observing-time=\"0\"><\/div>\n<\/div>\n<\/div>\n<\/div>\n<\/div>\n<\/div>\n<\/div>\n","protected":false},"excerpt":{"rendered":"<p>Cu 2.600 de locuitori, comuna reu\u0219e\u0219te s\u0103 str\u00e2ng\u0103 la bugetul propriu venituri de aproximativ 1 milion de elei, dublu raportat la cei 550 de mii de lei, din mica industrie local\u0103, din zona agro \u0219i a unei popula\u021bii destul de \u00eenst\u0103rite. Aici sunt \u00eenregistrate \u0219i mai multe firme de construc\u021bii. Localitatea este una care se&#8230;<\/p>\n","protected":false},"author":1,"featured_media":861,"comment_status":"open","ping_status":"open","sticky":false,"template":"","format":"standard","meta":{"footnotes":""},"categories":[2],"tags":[],"class_list":["post-860","post","type-post","status-publish","format-standard","has-post-thumbnail","hentry","category-administratie"],"_links":{"self":[{"href":"https:\/\/obiectiv-valcean.ro\/index.php\/wp-json\/wp\/v2\/posts\/860","targetHints":{"allow":["GET"]}}],"collection":[{"href":"https:\/\/obiectiv-valcean.ro\/index.php\/wp-json\/wp\/v2\/posts"}],"about":[{"href":"https:\/\/obiectiv-valcean.ro\/index.php\/wp-json\/wp\/v2\/types\/post"}],"author":[{"embeddable":true,"href":"https:\/\/obiectiv-valcean.ro\/index.php\/wp-json\/wp\/v2\/users\/1"}],"replies":[{"embeddable":true,"href":"https:\/\/obiectiv-valcean.ro\/index.php\/wp-json\/wp\/v2\/comments?post=860"}],"version-history":[{"count":1,"href":"https:\/\/obiectiv-valcean.ro\/index.php\/wp-json\/wp\/v2\/posts\/860\/revisions"}],"predecessor-version":[{"id":862,"href":"https:\/\/obiectiv-valcean.ro\/index.php\/wp-json\/wp\/v2\/posts\/860\/revisions\/862"}],"wp:featuredmedia":[{"embeddable":true,"href":"https:\/\/obiectiv-valcean.ro\/index.php\/wp-json\/wp\/v2\/media\/861"}],"wp:attachment":[{"href":"https:\/\/obiectiv-valcean.ro\/index.php\/wp-json\/wp\/v2\/media?parent=860"}],"wp:term":[{"taxonomy":"category","embeddable":true,"href":"https:\/\/obiectiv-valcean.ro\/index.php\/wp-json\/wp\/v2\/categories?post=860"},{"taxonomy":"post_tag","embeddable":true,"href":"https:\/\/obiectiv-valcean.ro\/index.php\/wp-json\/wp\/v2\/tags?post=860"}],"curies":[{"name":"wp","href":"https:\/\/api.w.org\/{rel}","templated":true}]}}