{"id":856,"date":"2024-09-18T13:45:59","date_gmt":"2024-09-18T13:45:59","guid":{"rendered":"https:\/\/obiectiv-valcean.ro\/?p=856"},"modified":"2024-09-18T13:46:23","modified_gmt":"2024-09-18T13:46:23","slug":"ample-pregatiri-pentru-constructia-celui-mai-greu-tronson-din-autostrada-sibiu-pitesti","status":"publish","type":"post","link":"https:\/\/obiectiv-valcean.ro\/index.php\/2024\/09\/18\/ample-pregatiri-pentru-constructia-celui-mai-greu-tronson-din-autostrada-sibiu-pitesti\/","title":{"rendered":"Ample preg\u0103tiri pentru construc\u021bia celui mai greu tronson din Autostrada Sibiu \u2013 Pite\u0219ti, la C\u00e2ineni"},"content":{"rendered":"<p>Minim 4 ani, de aici \u00eenainte se va lucra la cel mai mare \u0219antier de infrastructur\u0103 din Rom\u00e2nia care, doar pe raza comunei C\u00e2ineni va avea 3 poduri \u0219i 5 tuneluri.<\/p>\n<div class=\"e6219d6b3f8ec646e4cb39e8fa5294e4\" data-index=\"3\">\n<div class=\"demand-supply\" data-ad=\"ramnicuvalceaweek.ro_sticky_mobile_top\" data-devices=\"m:1,t:0,d:0\">\u201dAu fost angaja\u021bi localnici asta ne bucur\u0103, s\u0103pt\u0103m\u00e2nal avem oameni din C\u00e2ineni care se angajeaz\u0103 la compania care a \u00eenceput construc\u021bia viaductului de la Boi\u021ba. De la \u0219oferi p\u00e2n\u0103 la buc\u0103t\u0103rie, paz\u0103, sunt de aici, din localitate. Este foarte important acest \u0219antier \u0219i pe noi ne bucur\u0103 faptul c\u0103 lucr\u0103rile au fost demarate iar C\u00e2ineniul a devenit o baz\u0103 important\u0103 pentru antreprenorul turc\u201d, spune primarul Ion Nicolae.<\/div>\n<\/div>\n<p>Mapa Cengiz este antreprenorul care va construi lotul 2 al Autostr\u0103zii Sibiu \u2013 Pite\u0219ti, pe sectorul Boi\u021ba \u2013 Corntu, fiind vorba de cel mai dificil \u0219antier de infrastructur\u0103 din \u021bara noastr\u0103 p\u00e2n\u0103 \u00een prezent.<\/p>\n<p>Momentan se lucreaz\u0103 la construc\u021bia viaductului de la Boi\u021ba, urm\u00e2nd ca \u00een perioada urm\u0103toare s\u0103 se elibereze autoriza\u021bia pentru \u00eentreg lotul.<\/p>\n<p>\u00cen paralel, se continu\u0103 lucr\u0103rile la re\u021belele de ap\u0103 \u0219i canalizare, \u00een comuna C\u00e2ineni, stadiul fizic fiind deja de 40%\u00a0 \u00een toate cele trei sate, Greble\u0219ti, C\u00e2inenii Mari \u0219i C\u00e2inenii Mici.\u00a0Iar \u00een cursul acestei luni se va monta centrala termic\u0103 la gr\u0103dini\u021ba din C\u00e2inenii Mari.<\/p>\n<div class=\"e6219d6b3f8ec646e4cb39e8fa5294e4\" data-index=\"1\">\n<div id=\"M455885ScriptRootC701098_14c7e\">\n<div id=\"MarketGidComposite701098_14c7e\">\n<div>\n<div class=\"mgbox\">\n<div class=\"mgheader\"><\/div>\n<div class=\"row1\">\n<div class=\"mgline teaser-20530723 type-w\" data-i=\"0ztifUiOl4ROURBiRZO7nqMHsc_i-7MChhH-4DjTyj2tljcIWNdoOpqKKWltx67q04Ql_1EFIl-4nzI97mdJ3_uX0KeXv5n2gqt2MgAGmJY*\" data-dsa=\"true\" data-observing-start=\"0\" data-observing-time=\"0\">Claudia Popa<\/div>\n<\/div>\n<\/div>\n<\/div>\n<\/div>\n<\/div>\n<\/div>\n","protected":false},"excerpt":{"rendered":"<p>Minim 4 ani, de aici \u00eenainte se va lucra la cel mai mare \u0219antier de infrastructur\u0103 din Rom\u00e2nia care, doar pe raza comunei C\u00e2ineni va avea 3 poduri \u0219i 5 tuneluri. \u201dAu fost angaja\u021bi localnici asta ne bucur\u0103, s\u0103pt\u0103m\u00e2nal avem oameni din C\u00e2ineni care se angajeaz\u0103 la compania care a \u00eenceput construc\u021bia viaductului de la&#8230;<\/p>\n","protected":false},"author":1,"featured_media":857,"comment_status":"open","ping_status":"open","sticky":false,"template":"","format":"standard","meta":{"footnotes":""},"categories":[2],"tags":[],"class_list":["post-856","post","type-post","status-publish","format-standard","has-post-thumbnail","hentry","category-administratie"],"_links":{"self":[{"href":"https:\/\/obiectiv-valcean.ro\/index.php\/wp-json\/wp\/v2\/posts\/856","targetHints":{"allow":["GET"]}}],"collection":[{"href":"https:\/\/obiectiv-valcean.ro\/index.php\/wp-json\/wp\/v2\/posts"}],"about":[{"href":"https:\/\/obiectiv-valcean.ro\/index.php\/wp-json\/wp\/v2\/types\/post"}],"author":[{"embeddable":true,"href":"https:\/\/obiectiv-valcean.ro\/index.php\/wp-json\/wp\/v2\/users\/1"}],"replies":[{"embeddable":true,"href":"https:\/\/obiectiv-valcean.ro\/index.php\/wp-json\/wp\/v2\/comments?post=856"}],"version-history":[{"count":2,"href":"https:\/\/obiectiv-valcean.ro\/index.php\/wp-json\/wp\/v2\/posts\/856\/revisions"}],"predecessor-version":[{"id":859,"href":"https:\/\/obiectiv-valcean.ro\/index.php\/wp-json\/wp\/v2\/posts\/856\/revisions\/859"}],"wp:featuredmedia":[{"embeddable":true,"href":"https:\/\/obiectiv-valcean.ro\/index.php\/wp-json\/wp\/v2\/media\/857"}],"wp:attachment":[{"href":"https:\/\/obiectiv-valcean.ro\/index.php\/wp-json\/wp\/v2\/media?parent=856"}],"wp:term":[{"taxonomy":"category","embeddable":true,"href":"https:\/\/obiectiv-valcean.ro\/index.php\/wp-json\/wp\/v2\/categories?post=856"},{"taxonomy":"post_tag","embeddable":true,"href":"https:\/\/obiectiv-valcean.ro\/index.php\/wp-json\/wp\/v2\/tags?post=856"}],"curies":[{"name":"wp","href":"https:\/\/api.w.org\/{rel}","templated":true}]}}