{"id":847,"date":"2024-08-13T11:32:11","date_gmt":"2024-08-13T11:32:11","guid":{"rendered":"https:\/\/obiectiv-valcean.ro\/?p=847"},"modified":"2024-08-13T11:32:11","modified_gmt":"2024-08-13T11:32:11","slug":"lucram-si-in-curand-vom-redeschide-drumul-oaselor","status":"publish","type":"post","link":"https:\/\/obiectiv-valcean.ro\/index.php\/2024\/08\/13\/lucram-si-in-curand-vom-redeschide-drumul-oaselor\/","title":{"rendered":"Lucr\u0103m \u0219i, \u00een cur\u00e2nd, vom redeschide Drumul Oaselor!"},"content":{"rendered":"<p>\u201dNe \u021binem de cuv\u00e2nt \u0219i lucr\u0103m pentru redeschiderea circula\u021biei pe Drumul Oaselor (DJ 676 E), drum \u00eenchis de peste 20 de ani.<\/p>\n<p>Colegii de la RAJDP V\u00e2lcea au \u00eenceput lucr\u0103rile, prin defri\u0219area zonelor \u00eemp\u0103durite, decolmatarea \u0219an\u021burilor \u0219i frezarea terenului pe o distan\u021b\u0103 de cca 10 km.\u00a0De s\u0103pt\u0103m\u00e2na trecut\u0103, s-a \u00eenceput \u0219i asfaltarea pe un sector de 1,5 km, \u00een zonele locuite. \u00cen scurt timp, se va putea circula \u00een condi\u021bii de siguran\u021b\u0103, pe acest drum, \u00eentre Berbe\u0219ti \u0219i Cop\u0103ceni.<\/p>\n<p>Pentru anul viitor, avem \u00een plan continuarea lucr\u0103rilor \u0219i pe sectorul Cop\u0103ceni-Pope\u0219ti, astfel \u00eenc\u00e2t s\u0103 redeschidem circula\u021bia \u00een totalitate pe Drumul Oaselor.\u00a0Drumul Oaselor face leg\u0103tura \u00eentre Berbe\u0219ti \u0219i Pope\u0219ti \u0219i este un drum important pentru v\u00e2lcenii din aceast\u0103 zon\u0103, \u00eentruc\u00e2t scurteaz\u0103 cu peste 20 km distan\u021ba p\u00e2n\u0103 la R\u00e2mnicu V\u00e2lcea.\u201d, a relatat Constantin R\u0103dulescu, pre\u0219edintele CJ V\u00e2lcea.<\/p>\n","protected":false},"excerpt":{"rendered":"<p>\u201dNe \u021binem de cuv\u00e2nt \u0219i lucr\u0103m pentru redeschiderea circula\u021biei pe Drumul Oaselor (DJ 676 E), drum \u00eenchis de peste 20 de ani. Colegii de la RAJDP V\u00e2lcea au \u00eenceput lucr\u0103rile, prin defri\u0219area zonelor \u00eemp\u0103durite, decolmatarea \u0219an\u021burilor \u0219i frezarea terenului pe o distan\u021b\u0103 de cca 10 km.\u00a0De s\u0103pt\u0103m\u00e2na trecut\u0103, s-a \u00eenceput \u0219i asfaltarea pe un sector&#8230;<\/p>\n","protected":false},"author":1,"featured_media":849,"comment_status":"open","ping_status":"open","sticky":false,"template":"","format":"standard","meta":{"footnotes":""},"categories":[13,1],"tags":[],"class_list":["post-847","post","type-post","status-publish","format-standard","has-post-thumbnail","hentry","category-comunicate","category-fara-categorie"],"_links":{"self":[{"href":"https:\/\/obiectiv-valcean.ro\/index.php\/wp-json\/wp\/v2\/posts\/847","targetHints":{"allow":["GET"]}}],"collection":[{"href":"https:\/\/obiectiv-valcean.ro\/index.php\/wp-json\/wp\/v2\/posts"}],"about":[{"href":"https:\/\/obiectiv-valcean.ro\/index.php\/wp-json\/wp\/v2\/types\/post"}],"author":[{"embeddable":true,"href":"https:\/\/obiectiv-valcean.ro\/index.php\/wp-json\/wp\/v2\/users\/1"}],"replies":[{"embeddable":true,"href":"https:\/\/obiectiv-valcean.ro\/index.php\/wp-json\/wp\/v2\/comments?post=847"}],"version-history":[{"count":1,"href":"https:\/\/obiectiv-valcean.ro\/index.php\/wp-json\/wp\/v2\/posts\/847\/revisions"}],"predecessor-version":[{"id":850,"href":"https:\/\/obiectiv-valcean.ro\/index.php\/wp-json\/wp\/v2\/posts\/847\/revisions\/850"}],"wp:featuredmedia":[{"embeddable":true,"href":"https:\/\/obiectiv-valcean.ro\/index.php\/wp-json\/wp\/v2\/media\/849"}],"wp:attachment":[{"href":"https:\/\/obiectiv-valcean.ro\/index.php\/wp-json\/wp\/v2\/media?parent=847"}],"wp:term":[{"taxonomy":"category","embeddable":true,"href":"https:\/\/obiectiv-valcean.ro\/index.php\/wp-json\/wp\/v2\/categories?post=847"},{"taxonomy":"post_tag","embeddable":true,"href":"https:\/\/obiectiv-valcean.ro\/index.php\/wp-json\/wp\/v2\/tags?post=847"}],"curies":[{"name":"wp","href":"https:\/\/api.w.org\/{rel}","templated":true}]}}