{"id":801,"date":"2024-07-09T11:49:50","date_gmt":"2024-07-09T11:49:50","guid":{"rendered":"https:\/\/obiectiv-valcean.ro\/?p=801"},"modified":"2024-07-09T11:49:50","modified_gmt":"2024-07-09T11:49:50","slug":"incepe-cel-mai-mare-festival-romanesc-din-america-dedicat-celebrarii-parteneriatului-strategic-cu-sua-pe-cea-mai-populara-esplanada-a-capitalei-americane-trei-zile-de-spectacolele-de-dans-si-concer","status":"publish","type":"post","link":"https:\/\/obiectiv-valcean.ro\/index.php\/2024\/07\/09\/incepe-cel-mai-mare-festival-romanesc-din-america-dedicat-celebrarii-parteneriatului-strategic-cu-sua-pe-cea-mai-populara-esplanada-a-capitalei-americane-trei-zile-de-spectacolele-de-dans-si-concer\/","title":{"rendered":"\u00cencepe cel mai mare festival rom\u00e2nesc din America, dedicat celebr\u0103rii Parteneriatului Strategic cu SUA, pe cea mai popular\u0103 esplanad\u0103 a capitalei americane. Trei zile de spectacolele de dans \u0219i concerte, expozi\u021bii, degust\u0103ri de bucate tradi\u021bionale \u0219i vin. \u00cen premier\u0103, demonstra\u021bii me\u0219te\u0219ug\u0103re\u0219ti de sculptur\u0103 \u00een lemn, ol\u0103rit \u0219i de \u021besut"},"content":{"rendered":"<p>Ambasada Rom\u00e2niei \u00een S.U.A. \u0219i Institutul Cultural Rom\u00e2n din New York, \u00een parteneriat cu Consiliul Jude\u021bean Maramure\u0219 \u0219i cu sprijinul mai multor parteneri locali, organizeaz\u0103, \u00een perioada 12-14 iulie 2024, la Washington, cea de-a treia edi\u021bie a <strong>\u201eWeekend-ul rom\u00e2nesc de la Washington\u201d \/ <\/strong><strong>\u201cRomanian Weekend at The Wharf\u201d<\/strong>, cel mai mare proiect de diploma\u021bie cultural\u0103 al Rom\u00e2niei \u00een Statele Unite, dar \u0219i cel mai mare festival rom\u00e2nesc din America. Conceput ca un eveniment caleidoscopic, de larg\u0103 adresabilitate, proiectul se \u00eenscrie \u00een programul anual ini\u021biat \u0219i coordonat de Ambasada Rom\u00e2niei <em>\u201eRom\u00e2nia &#8211; SUA: Un parteneriat pentru noi orizonturi economice. De 20 de ani \u00eempreun\u0103 sub umbrela NATO\u201d<\/em>.<\/p>\n<p><strong>\u201eWeekend-ul rom\u00e2nesc de la Washington\u201d<\/strong> propune publicului o ofert\u0103 cultural\u0103 divers\u0103, accesibil\u0103 \u0219i atractiv\u0103, pun\u00e2nd accentul pe unicitatea \u0219i spectaculosul culturii tradi\u021bionale rom\u00e2ne\u0219ti, pentru care exist\u0103 un mare interes \u00een r\u00e2ndul americanilor. Ca \u00een fiecare an, publicul se va putea bucura de concerte, spectacole de dans, lecturi performative, expozi\u021bii de c\u0103r\u021bi rom\u00e2ne\u0219ti \u00een traducere englez\u0103, demonstra\u021bii me\u0219te\u0219ug\u0103re\u0219ti, activit\u0103\u021bi pentru copii, expozi\u021bii de haine \u0219i bijuterii inspirate de forme tradi\u021bionale, degust\u0103ri de bucate specifice \u0219i vin, organizate pe eleganta esplanad\u0103 The Wharf, una dintre cele mai populare \u0219i \u00een vog\u0103 zone din Washington, D.C., situat\u0103 pe malul r\u00e2ului Potomac, nu departe de Capitoliu. Accesul va fi gratuit, iar evenimentele se adreseaz\u0103 tuturor v\u00e2rstelor.<\/p>\n<p>Pe scena celei de-a treia edi\u021bii a <strong>\u201eWeekend-ului rom\u00e2nesc de la Washington\u201d <\/strong>vor fi prezen\u021bi o serie de arti\u0219ti rom\u00e2ni \u0219i rom\u00e2no-americani, care acoper\u0103 diferite zone \u0219i expresii culturale: <strong>Simion-Bogdan Mihai \u0219i L\u0103utarii de M\u0103tase, Paula Hriscu<\/strong>,<strong> Vox Maris Chicago, Ansamblul Folcloric Na\u021bional \u201eTransilvania\u201d \u0219i Ansamblul \u201eD\u0103n\u021b\u0103u\u0219ii din Gro\u0219i\u201d<\/strong>,<strong> Ansamblul de Dansuri Folclorice \u201eCarpathia\u201d<\/strong>,<strong> Andreea Reb\u0103ltescu<\/strong>.<\/p>\n<p>Pe parcursul celor trei zile, de vineri p\u00e2n\u0103 duminic\u0103, spectacolele de dans \u0219i concertele vor fi completate de o serie de lecturi performative, \u00een cadrul unei serii derulate de organiza\u021bia rom\u00e2no-american\u0103 <strong>\u201cBucharest Inside the Beltway\u201d<\/strong> din Denver, Colorado, av\u00e2ndu-le protagoniste pe <strong>Lady Godiva, Adela Sinclair, Domnica R\u0103dulescu \u0219i Cristina Afodorcei<\/strong>. \u00cen corturile special amenajate, vor expune crea\u021bii vestimentare contemporane inspirate de portul popular cunoscutul designer rom\u00e2n <strong>Izabela Mandoiu<\/strong> \u0219i cercei de inspira\u021bie folcloric\u0103 brandul <strong>UNA peste alta<\/strong>; \u0219i vor avea loc \u0219i demonstra\u021bii de ol\u0103rit sus\u021binute de maestrul olar<strong> Vasile Chira <\/strong>din C\u0103rbunari, demonstra\u021bii de sculptur\u0103 \u00een lemn oferite de me\u0219terul <strong>Ioan B\u00e2rsan <\/strong>\u0219i demonstra\u021bii de \u021besut sus\u021binute de <strong>M\u0103rioara Dobrican<\/strong>. \u00cen paralel, vor putea fi vizitate: o expozi\u021bie de c\u0103r\u021bi semnate de autori rom\u00e2ni \u0219i rom\u00e2no-americani, publicate recent; o expozi\u021bie interactiv\u0103 de costume populare prezentate de colec\u021bionarul <strong>Bogdan Banu<\/strong>; un stand de prezentare a ofertei de etno-turism \u0219i turism cultural din Rom\u00e2nia; \u0219i, nu \u00een ultimul r\u00e2nd, standuri cu produse \u0219i vinuri rom\u00e2ne\u0219ti, cu degust\u0103rile aferente.<\/p>\n<p>S\u00e2mb\u0103t\u0103, 13 iulie 2024, va fi marcat\u0103 \u0219i Ziua Universal\u0103 a Iei printr-un eveniment special realizat \u00een cadrul festivalului cu ajutorul organiza\u021biei Romanians of DC. \u00cen capitala american\u0103, admiratori (\u0219i purt\u0103tori) ai iei proveni\u021bi din SUA, Rom\u00e2nia \u0219i Republica Moldova se vor aduna pe scena de la The Wharf pentru a citi Proclama\u021bia emis\u0103 de primarul din Washington \u00een onoarea superbelor ii rom\u00e2ne\u0219ti.<\/p>\n<p><strong>\u201eWeekend-ul rom\u00e2nesc de la Washington\u201d<\/strong> este organizat de Ambasada Rom\u00e2niei \u00een Statele Unite ale Americii \u0219i Institutul Cultural Rom\u00e2n din New York, \u00eempreun\u0103 cu Consiliul Jude\u021bean Maramure\u0219 \u0219i The Wharf, cu sprijinul generos al mai multor sponsori \u0219i parteneri locali.<\/p>\n<p>Mai multe detalii despre proiect \u0219i protagoni\u0219ti, precum \u0219i programul complet al\u00a0 festivalului pot fi g\u0103site pe re\u021belele de socializare ale institu\u021biilor organizatoare \u0219i pe website-ul evenimentului: <a href=\"https:\/\/www.romanianfestivaldc.com\">https:\/\/www.romanianfestivaldc.com<\/a><\/p>\n<p>&nbsp;<\/p>\n<p><strong>Ambasada Rom\u00e2niei \u00een Statele Unite ale Americii<\/strong><\/p>\n","protected":false},"excerpt":{"rendered":"<p>Ambasada Rom\u00e2niei \u00een S.U.A. \u0219i Institutul Cultural Rom\u00e2n din New York, \u00een parteneriat cu Consiliul Jude\u021bean Maramure\u0219 \u0219i cu sprijinul mai multor parteneri locali, organizeaz\u0103, \u00een perioada 12-14 iulie 2024, la Washington, cea de-a treia edi\u021bie a \u201eWeekend-ul rom\u00e2nesc de la Washington\u201d \/ \u201cRomanian Weekend at The Wharf\u201d, cel mai mare proiect de diploma\u021bie cultural\u0103&#8230;<\/p>\n","protected":false},"author":1,"featured_media":802,"comment_status":"open","ping_status":"open","sticky":false,"template":"","format":"standard","meta":{"footnotes":""},"categories":[3,13],"tags":[],"class_list":["post-801","post","type-post","status-publish","format-standard","has-post-thumbnail","hentry","category-actualitate","category-comunicate"],"_links":{"self":[{"href":"https:\/\/obiectiv-valcean.ro\/index.php\/wp-json\/wp\/v2\/posts\/801","targetHints":{"allow":["GET"]}}],"collection":[{"href":"https:\/\/obiectiv-valcean.ro\/index.php\/wp-json\/wp\/v2\/posts"}],"about":[{"href":"https:\/\/obiectiv-valcean.ro\/index.php\/wp-json\/wp\/v2\/types\/post"}],"author":[{"embeddable":true,"href":"https:\/\/obiectiv-valcean.ro\/index.php\/wp-json\/wp\/v2\/users\/1"}],"replies":[{"embeddable":true,"href":"https:\/\/obiectiv-valcean.ro\/index.php\/wp-json\/wp\/v2\/comments?post=801"}],"version-history":[{"count":1,"href":"https:\/\/obiectiv-valcean.ro\/index.php\/wp-json\/wp\/v2\/posts\/801\/revisions"}],"predecessor-version":[{"id":803,"href":"https:\/\/obiectiv-valcean.ro\/index.php\/wp-json\/wp\/v2\/posts\/801\/revisions\/803"}],"wp:featuredmedia":[{"embeddable":true,"href":"https:\/\/obiectiv-valcean.ro\/index.php\/wp-json\/wp\/v2\/media\/802"}],"wp:attachment":[{"href":"https:\/\/obiectiv-valcean.ro\/index.php\/wp-json\/wp\/v2\/media?parent=801"}],"wp:term":[{"taxonomy":"category","embeddable":true,"href":"https:\/\/obiectiv-valcean.ro\/index.php\/wp-json\/wp\/v2\/categories?post=801"},{"taxonomy":"post_tag","embeddable":true,"href":"https:\/\/obiectiv-valcean.ro\/index.php\/wp-json\/wp\/v2\/tags?post=801"}],"curies":[{"name":"wp","href":"https:\/\/api.w.org\/{rel}","templated":true}]}}