{"id":792,"date":"2024-06-26T12:39:02","date_gmt":"2024-06-26T12:39:02","guid":{"rendered":"https:\/\/obiectiv-valcean.ro\/?p=792"},"modified":"2024-07-03T12:39:47","modified_gmt":"2024-07-03T12:39:47","slug":"au-inceput-lucrarile-pe-drumul-oaselor","status":"publish","type":"post","link":"https:\/\/obiectiv-valcean.ro\/index.php\/2024\/06\/26\/au-inceput-lucrarile-pe-drumul-oaselor\/","title":{"rendered":"Au \u00eenceput lucr\u0103rile pe Drumul Oaselor"},"content":{"rendered":"<p>\u201dAm zis c\u0103 ne apuc\u0103m de treab\u0103 pe Drumul Oaselor \u0219i ne \u021binem de cuv\u00e2nt!\u00a0De ast\u0103zi, colegii de la RAJDP au \u00eenceput lucr\u0103rile pe DJ 676 E &#8211; Drumul Oaselor.<\/p>\n<p>\u00cen prima faz\u0103, se va interveni pentru redarea circula\u021biei pe sectorul dintre Berbe\u0219ti \u0219i Cop\u0103ceni, pe o lungime de 10 km.<\/p>\n<p>Se va defri\u0219a zona, se vor decolmata \u0219an\u021burile, se vor realiza repara\u021bii asfaltice \u0219i se va turna covor asfaltic pe zonele locuibile, iar unde trebuie s\u0103 se circule cu vitez\u0103 redus\u0103, vom semnaliza zona astfel \u00eenc\u00e2t s\u0103 se poat\u0103 circula.<\/p>\n<p>\u00cen ultima \u0219edin\u021b\u0103 a CJ V\u00e2lcea de vineri, 21 iunie, am alocat \u0219i primii bani (cca 2,6 milioane lei), pentru demararea acestor lucr\u0103ri.<\/p>\n<p>\u0218tiu c\u00e2t de important este drumul pentru v\u00e2lcenii din zon\u0103 \u0219i \u00eemi doresc ca anul viitor s\u0103 se poat\u0103 circula \u00een siguran\u021b\u0103 \u0219i pe acest drum.<\/p>\n<p>Drumul Oaselor &#8211; DJ 676 E se \u00eentinde pe o distan\u021b\u0103 de cca 25 km \u0219i face leg\u0103tura \u00eentre localit\u0103\u021bile Berbe\u0219ti, Cop\u0103ceni, Cerni\u0219oara \u0219i Pope\u0219ti.\u201d, a declarat Constantin R\u0103dulescu.pre\u0219edintele CJ Valcea<\/p>\n<p>Biroul de pres\u0103<\/p>\n","protected":false},"excerpt":{"rendered":"<p>\u201dAm zis c\u0103 ne apuc\u0103m de treab\u0103 pe Drumul Oaselor \u0219i ne \u021binem de cuv\u00e2nt!\u00a0De ast\u0103zi, colegii de la RAJDP au \u00eenceput lucr\u0103rile pe DJ 676 E &#8211; Drumul Oaselor. \u00cen prima faz\u0103, se va interveni pentru redarea circula\u021biei pe sectorul dintre Berbe\u0219ti \u0219i Cop\u0103ceni, pe o lungime de 10 km. Se va defri\u0219a zona,&#8230;<\/p>\n","protected":false},"author":1,"featured_media":793,"comment_status":"open","ping_status":"open","sticky":false,"template":"","format":"standard","meta":{"footnotes":""},"categories":[2,13],"tags":[],"class_list":["post-792","post","type-post","status-publish","format-standard","has-post-thumbnail","hentry","category-administratie","category-comunicate"],"_links":{"self":[{"href":"https:\/\/obiectiv-valcean.ro\/index.php\/wp-json\/wp\/v2\/posts\/792","targetHints":{"allow":["GET"]}}],"collection":[{"href":"https:\/\/obiectiv-valcean.ro\/index.php\/wp-json\/wp\/v2\/posts"}],"about":[{"href":"https:\/\/obiectiv-valcean.ro\/index.php\/wp-json\/wp\/v2\/types\/post"}],"author":[{"embeddable":true,"href":"https:\/\/obiectiv-valcean.ro\/index.php\/wp-json\/wp\/v2\/users\/1"}],"replies":[{"embeddable":true,"href":"https:\/\/obiectiv-valcean.ro\/index.php\/wp-json\/wp\/v2\/comments?post=792"}],"version-history":[{"count":1,"href":"https:\/\/obiectiv-valcean.ro\/index.php\/wp-json\/wp\/v2\/posts\/792\/revisions"}],"predecessor-version":[{"id":794,"href":"https:\/\/obiectiv-valcean.ro\/index.php\/wp-json\/wp\/v2\/posts\/792\/revisions\/794"}],"wp:featuredmedia":[{"embeddable":true,"href":"https:\/\/obiectiv-valcean.ro\/index.php\/wp-json\/wp\/v2\/media\/793"}],"wp:attachment":[{"href":"https:\/\/obiectiv-valcean.ro\/index.php\/wp-json\/wp\/v2\/media?parent=792"}],"wp:term":[{"taxonomy":"category","embeddable":true,"href":"https:\/\/obiectiv-valcean.ro\/index.php\/wp-json\/wp\/v2\/categories?post=792"},{"taxonomy":"post_tag","embeddable":true,"href":"https:\/\/obiectiv-valcean.ro\/index.php\/wp-json\/wp\/v2\/tags?post=792"}],"curies":[{"name":"wp","href":"https:\/\/api.w.org\/{rel}","templated":true}]}}