{"id":786,"date":"2024-07-02T16:58:22","date_gmt":"2024-07-02T16:58:22","guid":{"rendered":"https:\/\/obiectiv-valcean.ro\/?p=786"},"modified":"2024-07-02T16:58:22","modified_gmt":"2024-07-02T16:58:22","slug":"ramnicu-valcea-locul-18-intre-cele-41-de-municipii-resedinta-de-judet-conform-indexului-de-performanta-al-oraselor-dezvoltat-de-institutul-pentru-orase-vizionare","status":"publish","type":"post","link":"https:\/\/obiectiv-valcean.ro\/index.php\/2024\/07\/02\/ramnicu-valcea-locul-18-intre-cele-41-de-municipii-resedinta-de-judet-conform-indexului-de-performanta-al-oraselor-dezvoltat-de-institutul-pentru-orase-vizionare\/","title":{"rendered":"R\u00e2mnicu V\u00e2lcea &#8211; locul 18 \u00eentre cele 41 de municipii re\u0219edin\u021b\u0103 de jude\u021b conform Indexului de Performan\u021b\u0103 al Ora\u0219elor dezvoltat de Institutul pentru Ora\u0219e Vizionare"},"content":{"rendered":"<p>Institutul pentru Ora\u0219e Vizionare, un ONG din Bucure\u0219ti ce are la baz\u0103 o echip\u0103 complex\u0103 de consultan\u021bi de strategie, research, place branding \u0219i comunicare, a dat recent publicit\u0103\u021bii \u201eIndexul de Performan\u021b\u0103 al Ora\u0219elor\u201d pe 2024 \u00een urma unei cercet\u0103ri solide \u0219i pluridisiciplinare realizat\u0103 \u00een ultimii doi ani. \u201eCity Index\u201d este un instrument de m\u0103surare a progresului \u0219i a performan\u021bei urbane dezvoltat de IOV care a analizat cele 41 de municipii re\u0219edin\u021b\u0103 de jude\u021b din Rom\u00e2nia pe baza a 3 componente ale performan\u021bei &#8211; CALITATE, PROSPERITATE, VIBRA\u021aIE &#8211; \u00eemp\u0103r\u021bite pe 13 domenii cu 51 de indicatori provenind din peste 20 surse de date diferite, de la surse oficiale la platforme online.<\/p>\n<p>Conform acestui studiu, Municipiul R\u00e2mnicu V\u00e2lcea se situeaz\u0103 \u00een clasamentul general pe locul 18, ocup\u00e2nd locul 8 la nivel na\u021bional la capitolul CALITATE (atractivitatea ora\u0219ului &#8211; m\u0103sur\u0103 a modului \u00een care infrastructura, atrac\u021biile, mediul natural \u0219i serviciile esen\u021biale contribuie la un standard de via\u021b\u0103 ridicat) datorit\u0103 <em>\u201esperan\u021bei de via\u021b\u0103\u201d<\/em> \u0219i <em>\u201eamprentei verzi\u201d<\/em> \u0219i locul 18 la nivel na\u021bional la capitolul VIBRA\u021aIE (dinamismul cultural, social \u0219i demografic al ora\u0219ului, atmosfera atractiv\u0103 \u0219i plin\u0103 de energie, diversitatea cultural\u0103 \u0219i sportiv\u0103, op\u021biunile variate de divertisment \u0219i interac\u021biunile sociale).<\/p>\n<p>Studiul &#8211; disponibil la adresa <a href=\"https:\/\/www.iov.ro\/cityindex\/\">https:\/\/www.iov.ro\/cityindex\/<\/a> &#8211; men\u021bioneaz\u0103 ca avantaje ale Municipiului R\u00e2mnicu V\u00e2lcea faptul c\u0103 <em>\u201e\u00eenregistreaz\u0103 un indice de calitate a aerului net superior celui din marile ora\u0219e, fiind \u0219i unul dintre cele mai verzi ora\u0219e\u201d<\/em>, c\u0103 <em>\u201ede\u0219i se afl\u0103 la intersec\u021bia ariilor de influen\u021b\u0103 a unor centre urbane atractive (Bucure\u0219ti, Sibiu \u0219i Craiova), R\u00e2mnicu V\u00e2lcea a pierdut mai pu\u021bini locuitori dec\u00e2t alte ora\u0219e de talie similar\u0103 din \u021bar\u0103\u201d<\/em> sau c\u0103 <em>\u201eora\u0219ul este recunoscut pentru calitatea \u00eenv\u0103\u021b\u0103m\u00e2ntului, mai ales pentru performan\u021bele \u00eenregistrate de c\u0103tre liceele cu tradi\u021bie\u201d<\/em>, al\u0103turi de <em>\u201ealte aspecte pozitive, apreciate de locuitori \u0219i remarcate de vizitatori, precum cur\u0103\u021benia \u0219i aspectul \u00eengrijit al spa\u021biilor verzi \u0219i al celor publice\u201d<\/em>. La capitolul dedicat R\u00e2mnicului (au fost detaliate aspecte privind municipalit\u0103\u021bile care figureaz\u0103 pe primele 20 de pozi\u021bii ale clasamentului) se mai precizeaz\u0103 c\u0103 finalizarea autostr\u0103zii Sibiu-Pite\u0219ti, care va trece prin imediata apropiere a municipiului,<em>\u201dva deschide noi perspective pentru dezvoltarea economic\u0103 a ora\u0219ului\u201d<\/em>.<\/p>\n<p>City Index va fi actualizat periodic pentru a reflecta schimb\u0103rile \u0219i progresul \u00eenregistrat \u00een municipiile analizate.<\/p>\n<p>&nbsp;<\/p>\n<p>Biroul de Pres\u0103<\/p>\n","protected":false},"excerpt":{"rendered":"<p>Institutul pentru Ora\u0219e Vizionare, un ONG din Bucure\u0219ti ce are la baz\u0103 o echip\u0103 complex\u0103 de consultan\u021bi de strategie, research, place branding \u0219i comunicare, a dat recent publicit\u0103\u021bii \u201eIndexul de Performan\u021b\u0103 al Ora\u0219elor\u201d pe 2024 \u00een urma unei cercet\u0103ri solide \u0219i pluridisiciplinare realizat\u0103 \u00een ultimii doi ani. \u201eCity Index\u201d este un instrument de m\u0103surare a&#8230;<\/p>\n","protected":false},"author":1,"featured_media":787,"comment_status":"open","ping_status":"open","sticky":false,"template":"","format":"standard","meta":{"footnotes":""},"categories":[2],"tags":[],"class_list":["post-786","post","type-post","status-publish","format-standard","has-post-thumbnail","hentry","category-administratie"],"_links":{"self":[{"href":"https:\/\/obiectiv-valcean.ro\/index.php\/wp-json\/wp\/v2\/posts\/786","targetHints":{"allow":["GET"]}}],"collection":[{"href":"https:\/\/obiectiv-valcean.ro\/index.php\/wp-json\/wp\/v2\/posts"}],"about":[{"href":"https:\/\/obiectiv-valcean.ro\/index.php\/wp-json\/wp\/v2\/types\/post"}],"author":[{"embeddable":true,"href":"https:\/\/obiectiv-valcean.ro\/index.php\/wp-json\/wp\/v2\/users\/1"}],"replies":[{"embeddable":true,"href":"https:\/\/obiectiv-valcean.ro\/index.php\/wp-json\/wp\/v2\/comments?post=786"}],"version-history":[{"count":1,"href":"https:\/\/obiectiv-valcean.ro\/index.php\/wp-json\/wp\/v2\/posts\/786\/revisions"}],"predecessor-version":[{"id":788,"href":"https:\/\/obiectiv-valcean.ro\/index.php\/wp-json\/wp\/v2\/posts\/786\/revisions\/788"}],"wp:featuredmedia":[{"embeddable":true,"href":"https:\/\/obiectiv-valcean.ro\/index.php\/wp-json\/wp\/v2\/media\/787"}],"wp:attachment":[{"href":"https:\/\/obiectiv-valcean.ro\/index.php\/wp-json\/wp\/v2\/media?parent=786"}],"wp:term":[{"taxonomy":"category","embeddable":true,"href":"https:\/\/obiectiv-valcean.ro\/index.php\/wp-json\/wp\/v2\/categories?post=786"},{"taxonomy":"post_tag","embeddable":true,"href":"https:\/\/obiectiv-valcean.ro\/index.php\/wp-json\/wp\/v2\/tags?post=786"}],"curies":[{"name":"wp","href":"https:\/\/api.w.org\/{rel}","templated":true}]}}