{"id":780,"date":"2024-06-25T06:37:10","date_gmt":"2024-06-25T06:37:10","guid":{"rendered":"https:\/\/obiectiv-valcean.ro\/?p=780"},"modified":"2024-06-25T06:37:10","modified_gmt":"2024-06-25T06:37:10","slug":"toma-ciolacu-a-demonstrat-ca-poate-dezvolta-comuna-stroesti-fiind-un-reper-economic-in-depresiunea-horezu","status":"publish","type":"post","link":"https:\/\/obiectiv-valcean.ro\/index.php\/2024\/06\/25\/toma-ciolacu-a-demonstrat-ca-poate-dezvolta-comuna-stroesti-fiind-un-reper-economic-in-depresiunea-horezu\/","title":{"rendered":"Toma Ciolacu a demonstrat c\u0103 poate dezvolta comuna Stroe\u0219ti, fiind un reper economic \u00een Depresiunea Horezu"},"content":{"rendered":"<p>Toma Ciolacu a reu\u0219it \u00een cele dou\u0103 mandate s\u0103 aduc\u0103 localitatea Stroe\u0219ti la un grad puternic de dezvoltare, astfel \u00eenc\u00e2t demografia e \u00een cre\u0219tere, exist\u0103 foarte multe familii din capital\u0103 care au optat s\u0103 aib\u0103 o cas\u0103 aici, \u00een comuna de pe malul Cernei.<\/p>\n<div class=\"e6219d6b3f8ec646e4cb39e8fa5294e4\" data-index=\"3\">\n<div class=\"demand-supply\" data-ad=\"ramnicuvalceaweek.ro_sticky_mobile_top\" data-devices=\"m:1,t:0,d:0\">Poate \u0219i de aceea, Toma Ciolacu a primit un nou mandat, localnicii apreciind eforturile pe care edilul le-a f\u0103cut \u00een cei 8 ani, pentru a pune pe hart\u0103 aceast\u0103 comun\u0103, \u00een ciuda unui buget redus.<\/div>\n<\/div>\n<div class=\"teads-inread sm-screen\">\n<div>\n<div id=\"teads0\" class=\"teads-player\">\u201dEu le mul\u021bumesc aleg\u0103torilor care au votat obiectiv, au apreciat c\u0103 am fost prompt la solicit\u0103rile lor \u0219i m-am str\u0103duit s\u0103 facem din Stroe\u0219ti o frumoas\u0103 localitate din Oltenia de sub Munte \u00een care s\u0103 merite \u0219i s\u0103-\u021bi plac\u0103 s\u0103 locuie\u0219ti sau s\u0103 \u00ee\u021bi cumperi o locuin\u021b\u0103. Vom pune \u00een func\u021biune canalizarea, din p\u0103cate ea nu acoper\u0103 dec\u00e2t 30% din necesarul localit\u0103\u021bii dar vom c\u0103uta solu\u021bii de finan\u021bare pentru a acoperi comuna. \u0218i foarte important continu\u0103m procesul de asfaltare a tuturor drumurilor locale, comunale, s\u0103te\u0219ti. Din buget local, garantat \u00een acest mandat vom finaliza toat\u0103 infrastructura de drumuri. Lucr\u0103rile la Centrul Cultural din Pojogi sunt 50% executate\u201d, a precizat primarul Toma Ciolacu.<\/div>\n<\/div>\n<\/div>\n<p>Comuna Stroe\u0219ti este una dintre cele mai frumoase \u0219i elegante din zona Olteniei de sub Munte cu un avans economic consistent \u00een ultimii ani, cu o cre\u0219tere a nivelului de trai, a c\u0103lit\u0103\u021bii vie\u021bii. Un amplu proiect de investi\u021bi cu fonduri europene va demara \u00een scurt timp, fiind vorba de asfaltarea Drumului Jude\u021bean care traverseaz\u0103 toat\u0103 comuna de la Est la Vest.<\/p>\n<p>\u00cen paralel Toma Ciolacu preg\u0103te\u0219te documenta\u021biile pentru parcul fotovoltaic de 3000 de mp. Acesta va fi amplasat \u00een satul Pojogi \u0219i va asigura costurile cu enetrgia electric\u0103 pentru institu\u021biile publice.<\/p>\n<div dir=\"auto\">A\u0219adar, cu 2.600 de locuitori, comuna reu\u0219e\u0219te s\u0103 str\u00e2ng\u0103 la bugetul propriu venituri de aproximativ 1 milion de lei, dublu raportat la cei 550 de mii de lei din anul 2022,\u00a0 fodnuri din mica industrie local\u0103, din zona agro \u0219i a unei popula\u021bii destul de \u00eenst\u0103rite.<\/div>\n","protected":false},"excerpt":{"rendered":"<p>Toma Ciolacu a reu\u0219it \u00een cele dou\u0103 mandate s\u0103 aduc\u0103 localitatea Stroe\u0219ti la un grad puternic de dezvoltare, astfel \u00eenc\u00e2t demografia e \u00een cre\u0219tere, exist\u0103 foarte multe familii din capital\u0103 care au optat s\u0103 aib\u0103 o cas\u0103 aici, \u00een comuna de pe malul Cernei. Poate \u0219i de aceea, Toma Ciolacu a primit un nou mandat,&#8230;<\/p>\n","protected":false},"author":1,"featured_media":781,"comment_status":"open","ping_status":"open","sticky":false,"template":"","format":"standard","meta":{"footnotes":""},"categories":[2],"tags":[],"class_list":["post-780","post","type-post","status-publish","format-standard","has-post-thumbnail","hentry","category-administratie"],"_links":{"self":[{"href":"https:\/\/obiectiv-valcean.ro\/index.php\/wp-json\/wp\/v2\/posts\/780","targetHints":{"allow":["GET"]}}],"collection":[{"href":"https:\/\/obiectiv-valcean.ro\/index.php\/wp-json\/wp\/v2\/posts"}],"about":[{"href":"https:\/\/obiectiv-valcean.ro\/index.php\/wp-json\/wp\/v2\/types\/post"}],"author":[{"embeddable":true,"href":"https:\/\/obiectiv-valcean.ro\/index.php\/wp-json\/wp\/v2\/users\/1"}],"replies":[{"embeddable":true,"href":"https:\/\/obiectiv-valcean.ro\/index.php\/wp-json\/wp\/v2\/comments?post=780"}],"version-history":[{"count":1,"href":"https:\/\/obiectiv-valcean.ro\/index.php\/wp-json\/wp\/v2\/posts\/780\/revisions"}],"predecessor-version":[{"id":782,"href":"https:\/\/obiectiv-valcean.ro\/index.php\/wp-json\/wp\/v2\/posts\/780\/revisions\/782"}],"wp:featuredmedia":[{"embeddable":true,"href":"https:\/\/obiectiv-valcean.ro\/index.php\/wp-json\/wp\/v2\/media\/781"}],"wp:attachment":[{"href":"https:\/\/obiectiv-valcean.ro\/index.php\/wp-json\/wp\/v2\/media?parent=780"}],"wp:term":[{"taxonomy":"category","embeddable":true,"href":"https:\/\/obiectiv-valcean.ro\/index.php\/wp-json\/wp\/v2\/categories?post=780"},{"taxonomy":"post_tag","embeddable":true,"href":"https:\/\/obiectiv-valcean.ro\/index.php\/wp-json\/wp\/v2\/tags?post=780"}],"curies":[{"name":"wp","href":"https:\/\/api.w.org\/{rel}","templated":true}]}}