{"id":774,"date":"2024-06-19T10:48:38","date_gmt":"2024-06-19T10:48:38","guid":{"rendered":"https:\/\/obiectiv-valcean.ro\/?p=774"},"modified":"2024-06-19T10:48:38","modified_gmt":"2024-06-19T10:48:38","slug":"primaria-da-startul-vacantelor-in-zona-de-sud-a-ramnicului","status":"publish","type":"post","link":"https:\/\/obiectiv-valcean.ro\/index.php\/2024\/06\/19\/primaria-da-startul-vacantelor-in-zona-de-sud-a-ramnicului\/","title":{"rendered":"Prim\u0103ria d\u0103 startul vacan\u021belor \u00een zona de sud a R\u00e2mnicului!"},"content":{"rendered":"<p>Primul week-end al vacan\u021bei de var\u0103 a elevilor, care se suprapune \u0219i cu minivacan\u021ba de Rusalii, ofer\u0103 r\u00e2mnicenilor mai multe modalit\u0103\u021bi de lupt\u0103 cu canicula anun\u021bat\u0103 de meteorologi. Astfel, \u00een sudul municipiului, \u0218trandul Ostroveni va avea program normal de func\u021bionare \u0219i luni, 24 iunie (a doua zi de Rusalii \u2013 zi liber\u0103), adic\u0103 de la ora 8.00 diminea\u021ba (\u0219i nu de la ora 11.00, ca \u00een fiecare prim\u0103 zi a s\u0103pt\u0103m\u00e2nii), astfel \u00eenc\u00e2t amatorii de plaj\u0103 din ora\u0219 \u0219i din jude\u021bele \u00eenvecinate s\u0103 se bucure de o c\u00e2t mai \u00eendelungat\u0103 distrac\u021bie \u00een cele patru bazine cu ap\u0103 dulce \u0219i s\u0103rat\u0103 ale bazei de agrement. De precizat c\u0103, de\u0219i este o zi liber\u0103 \u0219i asimilat\u0103 week-end-ului, luni, 24 iunie, pensionarii din R\u00e2mnic vor beneficia de accesul gratuit de care au parte \u00een mod obi\u0219nuit \u00een zilele lucr\u0103toare ale s\u0103pt\u0103m\u00e2nii.<\/p>\n<p>Tot program normal de func\u021bionare va avea \u00een mini-vacan\u021ba de Rusalii \u0219i Gr\u0103dina Zoologic\u0103, oferind vizitatorilor care doresc s\u0103 fug\u0103 de c\u0103ldur\u0103 o r\u0103coare pl\u0103cut\u0103 pe aleile umbrite de copaci; de miercuri, imediat dup\u0103 anun\u021barea codului portocaliu de canicul\u0103, \u00eengrijitorii au demarat programul de protejare a animalelor specific unei astfel de perioade, oferind preponderent hran\u0103 r\u0103cit\u0103 \u00een prealabil \u00een frigidere, supliment\u00e2nd alimenta\u021bia cu fructe \u0219i legume c\u00e2t mai zemoase \u0219i av\u00e2nd grij\u0103 ca apa s\u0103 nu lipseasc\u0103 niciunui chiria\u0219 al gr\u0103dinii.<\/p>\n<p>Iar duminic\u0103, 23 iunie, \u00eentre orele 11.00 \u2013 14.00, zona de picnic de pe strada Ostroveni se va transforma \u00een \u201ePoiana Ciuca\u0219\u201d, unde r\u00e2mnicenii vor putea \u00eencepe relaxarea cu jocuri interactive, premii surpriz\u0103, bere rece, muzic\u0103 live \u0219i voie bun\u0103 adus\u0103 de V\u0103ru\u2019 S\u0103ndel &#8211; ambasadorul Ciuca\u0219. \u00cen baza unei colabor\u0103ri cu Prim\u0103ria municipiului, Caravana Ciuca\u0219 a amenajat pe malul lacului Ostroveni un spa\u021biu cu cinci foi\u0219oare cu mese \u0219i b\u0103nci, cinci gr\u0103tare din tabl\u0103 de o\u021bel, o sta\u021bie de colectare selectiv\u0103 a de\u0219eurilor \u0219i o poart\u0103 de acces, astfel c\u0103 \u201ePoiana Ciuca\u0219\u201d de la R\u00e2mnicu V\u00e2lcea se al\u0103tur\u0103 celolalte 23 de astfel de spa\u021bii amenajate \u00een 19 jude\u021be din Rom\u00e2nia.<\/p>\n<p>&nbsp;<\/p>\n<p>Biroul de Pres\u0103<\/p>\n","protected":false},"excerpt":{"rendered":"<p>Primul week-end al vacan\u021bei de var\u0103 a elevilor, care se suprapune \u0219i cu minivacan\u021ba de Rusalii, ofer\u0103 r\u00e2mnicenilor mai multe modalit\u0103\u021bi de lupt\u0103 cu canicula anun\u021bat\u0103 de meteorologi. Astfel, \u00een sudul municipiului, \u0218trandul Ostroveni va avea program normal de func\u021bionare \u0219i luni, 24 iunie (a doua zi de Rusalii \u2013 zi liber\u0103), adic\u0103 de la&#8230;<\/p>\n","protected":false},"author":1,"featured_media":775,"comment_status":"open","ping_status":"open","sticky":false,"template":"","format":"standard","meta":{"footnotes":""},"categories":[13],"tags":[],"class_list":["post-774","post","type-post","status-publish","format-standard","has-post-thumbnail","hentry","category-comunicate"],"_links":{"self":[{"href":"https:\/\/obiectiv-valcean.ro\/index.php\/wp-json\/wp\/v2\/posts\/774","targetHints":{"allow":["GET"]}}],"collection":[{"href":"https:\/\/obiectiv-valcean.ro\/index.php\/wp-json\/wp\/v2\/posts"}],"about":[{"href":"https:\/\/obiectiv-valcean.ro\/index.php\/wp-json\/wp\/v2\/types\/post"}],"author":[{"embeddable":true,"href":"https:\/\/obiectiv-valcean.ro\/index.php\/wp-json\/wp\/v2\/users\/1"}],"replies":[{"embeddable":true,"href":"https:\/\/obiectiv-valcean.ro\/index.php\/wp-json\/wp\/v2\/comments?post=774"}],"version-history":[{"count":1,"href":"https:\/\/obiectiv-valcean.ro\/index.php\/wp-json\/wp\/v2\/posts\/774\/revisions"}],"predecessor-version":[{"id":776,"href":"https:\/\/obiectiv-valcean.ro\/index.php\/wp-json\/wp\/v2\/posts\/774\/revisions\/776"}],"wp:featuredmedia":[{"embeddable":true,"href":"https:\/\/obiectiv-valcean.ro\/index.php\/wp-json\/wp\/v2\/media\/775"}],"wp:attachment":[{"href":"https:\/\/obiectiv-valcean.ro\/index.php\/wp-json\/wp\/v2\/media?parent=774"}],"wp:term":[{"taxonomy":"category","embeddable":true,"href":"https:\/\/obiectiv-valcean.ro\/index.php\/wp-json\/wp\/v2\/categories?post=774"},{"taxonomy":"post_tag","embeddable":true,"href":"https:\/\/obiectiv-valcean.ro\/index.php\/wp-json\/wp\/v2\/tags?post=774"}],"curies":[{"name":"wp","href":"https:\/\/api.w.org\/{rel}","templated":true}]}}