{"id":763,"date":"2024-06-19T10:21:57","date_gmt":"2024-06-19T10:21:57","guid":{"rendered":"https:\/\/obiectiv-valcean.ro\/?p=763"},"modified":"2024-06-19T10:22:40","modified_gmt":"2024-06-19T10:22:40","slug":"124-de-entitati-din-intreaga-lume-cer-ameco-sa-renunte-la-procesul-abuziv-impotriva-ong-ului-roman-agent-green","status":"publish","type":"post","link":"https:\/\/obiectiv-valcean.ro\/index.php\/2024\/06\/19\/124-de-entitati-din-intreaga-lume-cer-ameco-sa-renunte-la-procesul-abuziv-impotriva-ong-ului-roman-agent-green\/","title":{"rendered":"124 de entit\u0103\u021bi din \u00eentreaga lume cer Ameco s\u0103 renun\u021be la procesul abuziv \u00eempotriva ONG-ului rom\u00e2n Agent Green"},"content":{"rendered":"<p>124 ONG-uri, entit\u0103\u021bi \u0219tiin\u021bifice, oameni de \u0219tiin\u021b\u0103 independen\u021bi, cercet\u0103tori, profesori ai unor universit\u0103\u021bi de renume, botani\u0219ti, ap\u0103r\u0103tori ai mediului \u0219i consultan\u021bi de mediu din \u00eentreaga lume s-au mobilizat extraordinar \u00een doar 48 de ore \u0219i au semnat<a href=\"https:\/\/agentgreen.us9.list-manage.com\/track\/click?u=b84731aa942cd74b187ec2b14&amp;id=9e3f96e622&amp;e=3ce26a9548\"><strong> aceast\u0103 scrisoare deschis\u0103<\/strong><\/a>, pentru a \u00eendemna produc\u0103torul de pele\u021bi Ameco s\u0103 renun\u021be la procesul abuziv \u00eempotriva ONG-ului Agent Green.<br \/>\n\u00cen aceast\u0103 diminea\u021b\u0103, Agent Green a trimis o notificare scris\u0103 c\u0103tre conducerea Ameco solicit\u00e2ndu-le s\u0103 renun\u021be la acuza\u021biile absurde \u0219i la procesul juridic intentat organiza\u021biei, care are urm\u0103torul termen pe 20 Iunie la Tribunalul Bucure\u0219ti. ONG-ul rom\u00e2nesc nu este singur \u00een aceast\u0103 lupt\u0103 nedreapt\u0103, ci este sus\u021binut de 124 entit\u0103\u021bi din toat\u0103 lumea, semnatari ai scrisorii deschise.<\/p>\n<p>\u00cen Noiembrie 2023, Ameco Renewable Energy SRL, o companie de biomas\u0103 fondat\u0103 \u00een 2006 \u00een Rom\u00e2nia cu capital majoritar eleve\u021bian, a dat Agent Green \u00een judecat\u0103. Compania pretinde pierderi financiare considerabile dup\u0103 apari\u021bia articolului din publica\u021bia New York Times &#8211; <a href=\"https:\/\/agentgreen.us9.list-manage.com\/track\/click?u=b84731aa942cd74b187ec2b14&amp;id=28b6fdf93b&amp;e=3ce26a9548\"><strong>\u201cEurope is Sacrificing its Ancient Forests for Energy\u201d<\/strong><\/a> (Europa \u00ee\u0219i sacrific\u0103 p\u0103durile seculare pentru producerea de energie). Sucursala rom\u00e2neasc\u0103 a companiei de biomas\u0103 cu sediul \u00een jude\u021bul Harghita \u00eenvinov\u0103\u021be\u0219te Agent Green pentru articolul New York Times \u0219i solicit\u0103 acesteia compensa\u021bii financiare uria\u0219e: c\u00e2teva milioane de euro pentru pierderile economice \u00eenregistrate \u0219i suplimentar 200.000 de euro pentru daunele morale cauzate de articol. De asemenea, insinueaz\u0103 c\u0103 Agent Green este cea responsabil\u0103 cu \u0219tergerea articolului de pe internet, precum \u0219i a tuturor celorlalte articole care au preluat informa\u021bia ini\u021bial\u0103 \u0219i c\u0103 New York Times s\u0103 \u00ee\u0219i cear\u0103 scuze 3 zile la r\u00e2nd. \u00cen urma public\u0103rii acestui articol, Ameco pretinde c\u0103 unii dintre clien\u021bii s\u0103i \u0219i-au anulat contractele de colaborare.<\/p>\n<p><em>\u201cCapacitatea societ\u0103\u021bii civile de a opera liber, f\u0103r\u0103 cenzur\u0103 este esen\u021bial\u0103 pentru o democra\u021bie func\u021bional\u0103, <\/em>a declarat Alexander von Bismarck, Executive Director la Environmental Investigation Agency US. <em>Procesul SLAPP al Ameco nu este doar un atac la adresa Agent Green, este o \u00eencercare de a reduce la t\u0103cere publicul roman \u0219i de a-l \u00eempiedica s\u0103 determine cum ar trebui guvernate p\u0103durile \u021b\u0103rii lor\u201d.<\/em><\/p>\n<p><em>\u201cNu numai c\u0103 presiunea asupra resurselor noastre naturale este \u00een cre\u0219tere, ci \u0219i presiunea asupra celor care lupt\u0103 pentru a le proteja. Faptul c\u0103 peste 124 de organiza\u021bii \u0219i oameni de \u0219tiin\u021b\u0103 cunoscu\u021bi din \u00eentreaga lume au semnat scrisoarea deschis\u0103 c\u0103tre Ameco demonstreaz\u0103 marea solidaritate dintre ele \u0219i dorin\u021ba de a face fa\u021b\u0103 ac\u021biunii SLAPP precum cea intentat\u0103 de Ameco,\u201d<\/em> a subliniat Gabriel Schwaderer, Executive Director la Euronatur.<\/p>\n<p><em>\u201cSuntem recunosc\u0103tori pentru solidaritatea oferit\u0103 la nivel na\u021bional \u0219i interna\u021bional din partea mai multor entit\u0103\u021bi \u0219tiin\u021bifice prestigioase din toata lumea, to\u021bi uni\u021bi \u00eentr-un singur glas pentru p\u0103durile din Rom\u00e2nia.\u00a0 Acest volum impresionant de semn\u0103turi ar trebui sa \u00eensemne ceva pentru Ameco care nu numai c\u0103 amenin\u021b\u0103 p\u0103duri unice \u00een Europa, dar \u0219i existen\u021ba Agent Green, un ONG care este \u00een primul r\u00e2nd o voce legitim\u0103 a naturii r\u0103nite \u0219i a milioane de rom\u00e2ni\u201d, <\/em>\u00a0a spus Gabriel P\u0103un, Pre\u0219edintele Agent Green.<\/p>\n<p>Agent Green \u0219i ONG-urile semnatare consider\u0103 c\u0103 Ameco a declan\u0219at acuza\u021bii civile criticilor lui prin deschiderea unui proces clasic de SLAPP (strategic lawsuit against public participation \u2013 proces strategic \u00eempotriva particip\u0103rii publice). Ei consider\u0103 c\u0103 acest proces este unul abuziv deschis cu scopul de a reduce la t\u0103cere, a \u00eenchide, a intimida \u0219i a descuraja actul de participare public\u0103.<\/p>\n<p>A\u0219adar, semnatarii <a href=\"https:\/\/agentgreen.us9.list-manage.com\/track\/click?u=b84731aa942cd74b187ec2b14&amp;id=68854e175d&amp;e=3ce26a9548\"><strong>acestei scrisori<\/strong><\/a> \u00eendeamn\u0103 Ameco s\u0103 renun\u021be la acest proces abuziv SLAPP \u00eempotriva Agent Green \u0219i s\u0103 renun\u0219e la toate acuza\u021biile absurde.<\/p>\n<p>Scrisoarea deschis\u0103 poate fi consultat\u0103 aici:<br \/>\n<a href=\"https:\/\/agentgreen.us9.list-manage.com\/track\/click?u=b84731aa942cd74b187ec2b14&amp;id=df1276c28e&amp;e=3ce26a9548\"><strong>https:\/\/drive.google.com\/file\/d\/1z2G8jieCJSDmFvS9OPlS8F2ebLJESfmb\/view<\/strong><\/a><\/p>\n","protected":false},"excerpt":{"rendered":"<p>124 ONG-uri, entit\u0103\u021bi \u0219tiin\u021bifice, oameni de \u0219tiin\u021b\u0103 independen\u021bi, cercet\u0103tori, profesori ai unor universit\u0103\u021bi de renume, botani\u0219ti, ap\u0103r\u0103tori ai mediului \u0219i consultan\u021bi de mediu din \u00eentreaga lume s-au mobilizat extraordinar \u00een doar 48 de ore \u0219i au semnat aceast\u0103 scrisoare deschis\u0103, pentru a \u00eendemna produc\u0103torul de pele\u021bi Ameco s\u0103 renun\u021be la procesul abuziv \u00eempotriva ONG-ului Agent&#8230;<\/p>\n","protected":false},"author":1,"featured_media":764,"comment_status":"open","ping_status":"open","sticky":false,"template":"","format":"standard","meta":{"footnotes":""},"categories":[8],"tags":[],"class_list":["post-763","post","type-post","status-publish","format-standard","has-post-thumbnail","hentry","category-social"],"_links":{"self":[{"href":"https:\/\/obiectiv-valcean.ro\/index.php\/wp-json\/wp\/v2\/posts\/763","targetHints":{"allow":["GET"]}}],"collection":[{"href":"https:\/\/obiectiv-valcean.ro\/index.php\/wp-json\/wp\/v2\/posts"}],"about":[{"href":"https:\/\/obiectiv-valcean.ro\/index.php\/wp-json\/wp\/v2\/types\/post"}],"author":[{"embeddable":true,"href":"https:\/\/obiectiv-valcean.ro\/index.php\/wp-json\/wp\/v2\/users\/1"}],"replies":[{"embeddable":true,"href":"https:\/\/obiectiv-valcean.ro\/index.php\/wp-json\/wp\/v2\/comments?post=763"}],"version-history":[{"count":1,"href":"https:\/\/obiectiv-valcean.ro\/index.php\/wp-json\/wp\/v2\/posts\/763\/revisions"}],"predecessor-version":[{"id":765,"href":"https:\/\/obiectiv-valcean.ro\/index.php\/wp-json\/wp\/v2\/posts\/763\/revisions\/765"}],"wp:featuredmedia":[{"embeddable":true,"href":"https:\/\/obiectiv-valcean.ro\/index.php\/wp-json\/wp\/v2\/media\/764"}],"wp:attachment":[{"href":"https:\/\/obiectiv-valcean.ro\/index.php\/wp-json\/wp\/v2\/media?parent=763"}],"wp:term":[{"taxonomy":"category","embeddable":true,"href":"https:\/\/obiectiv-valcean.ro\/index.php\/wp-json\/wp\/v2\/categories?post=763"},{"taxonomy":"post_tag","embeddable":true,"href":"https:\/\/obiectiv-valcean.ro\/index.php\/wp-json\/wp\/v2\/tags?post=763"}],"curies":[{"name":"wp","href":"https:\/\/api.w.org\/{rel}","templated":true}]}}