{"id":7604,"date":"2025-08-18T08:41:02","date_gmt":"2025-08-18T08:41:02","guid":{"rendered":"https:\/\/obiectiv-valcean.ro\/?p=7604"},"modified":"2025-08-20T07:15:49","modified_gmt":"2025-08-20T07:15:49","slug":"marcel-radi-vrea-ca-pausesti-maglasi-sa-devina-independenta-economic","status":"publish","type":"post","link":"https:\/\/obiectiv-valcean.ro\/index.php\/2025\/08\/18\/marcel-radi-vrea-ca-pausesti-maglasi-sa-devina-independenta-economic\/","title":{"rendered":"Marcel Radi vrea ca P\u0103u\u0219e\u0219ti M\u0103gla\u0219i s\u0103 devin\u0103 independent\u0103 economic"},"content":{"rendered":"<p>Primarul Marcel Radi spune c\u0103 localitate are toate \u0219ansele pentru a deveni una autonom\u0103 financiar asta dac\u0103 pe l\u00e2ng\u0103 investi\u021biile private care aduc fonduri la buget, \u00een paralel exist\u0103 \u0219i o chelturie corect\u0103 a banului public.<\/p>\n<div class=\"e6219d6b3f8ec646e4cb39e8fa5294e4\" data-index=\"3\">\n<div class=\"demand-supply\" data-ad=\"ramnicuvalceaweek.ro_sticky_mobile_top\" data-devices=\"m:1,t:0,d:0\">\u201dSuntem o comun\u0103 bogat\u0103, av\u00e2nd \u00een vedere investi\u021biile private care au loc \u00een comuna noastr\u0103. Suntem o localitate prezent\u0103 \u00een topul economic al jude\u021bului dar nu suntem la nivelul de ne autofinan\u021ba. \u0218anse sunt, prin atragerea de noi investitori dar mai ales printr-o cheltuire ceva mai avantajoas\u0103 a banului public. \u0218i la centru social unde, de exempu, se duceau 5 miliarde de lei vechi pe an, am \u00eenceput s\u0103 simplific\u0103m multe din cheltuieli. \u0218i vom face ajust\u0103ri \u00een multe domenii pentru a ne transforma \u00eentr-o administra\u021bie supl\u0103 \u0219i eficient\u0103\u201d, zice primarul Marcel Radi.<\/div>\n<\/div>\n<div class=\"teads-inread\">\n<div><\/div>\n<\/div>\n<p>\u00cen paralel vor continua lucr\u0103rile la programul de asfaltare \u0219i la extinderea re\u021belelor de gaze. La care se adaug\u0103 sprijinul pentru ini\u021biativele turistice. \u201dP\u0103u\u0219e\u0219ti M\u0103gla\u0219i are \u0219i un poten\u021bial turistic, m\u0103n\u0103stiri, suntem \u00een subcarpatic\u0103, pensiuni se pot realiza punct de gastronomie local\u0103. Comuna se poate urbaniza dar \u0219i dezvolta turistic. O investi\u021bie care va \u00eencepe cur\u00e2nd este transformarea \u0219colii gimnaziale \u00een \u0219coal\u0103 verde. Am semnat contractul \u0219i vom avea o unitatea de \u00eenv\u0103\u021b\u0103m\u00e2nt model\u201d, mai adaug\u0103 primarul din P\u0103u\u0219e\u0219ti M\u0103gla\u0219i.<\/p>\n","protected":false},"excerpt":{"rendered":"<p>Primarul Marcel Radi spune c\u0103 localitate are toate \u0219ansele pentru a deveni una autonom\u0103 financiar asta dac\u0103 pe l\u00e2ng\u0103 investi\u021biile private care aduc fonduri la buget, \u00een paralel exist\u0103 \u0219i o chelturie corect\u0103 a banului public. \u201dSuntem o comun\u0103 bogat\u0103, av\u00e2nd \u00een vedere investi\u021biile private care au loc \u00een comuna noastr\u0103. Suntem o localitate prezent\u0103&#8230;<\/p>\n","protected":false},"author":1,"featured_media":1069,"comment_status":"open","ping_status":"open","sticky":false,"template":"","format":"standard","meta":{"footnotes":""},"categories":[2],"tags":[],"class_list":["post-7604","post","type-post","status-publish","format-standard","has-post-thumbnail","hentry","category-administratie"],"_links":{"self":[{"href":"https:\/\/obiectiv-valcean.ro\/index.php\/wp-json\/wp\/v2\/posts\/7604","targetHints":{"allow":["GET"]}}],"collection":[{"href":"https:\/\/obiectiv-valcean.ro\/index.php\/wp-json\/wp\/v2\/posts"}],"about":[{"href":"https:\/\/obiectiv-valcean.ro\/index.php\/wp-json\/wp\/v2\/types\/post"}],"author":[{"embeddable":true,"href":"https:\/\/obiectiv-valcean.ro\/index.php\/wp-json\/wp\/v2\/users\/1"}],"replies":[{"embeddable":true,"href":"https:\/\/obiectiv-valcean.ro\/index.php\/wp-json\/wp\/v2\/comments?post=7604"}],"version-history":[{"count":1,"href":"https:\/\/obiectiv-valcean.ro\/index.php\/wp-json\/wp\/v2\/posts\/7604\/revisions"}],"predecessor-version":[{"id":7605,"href":"https:\/\/obiectiv-valcean.ro\/index.php\/wp-json\/wp\/v2\/posts\/7604\/revisions\/7605"}],"wp:featuredmedia":[{"embeddable":true,"href":"https:\/\/obiectiv-valcean.ro\/index.php\/wp-json\/wp\/v2\/media\/1069"}],"wp:attachment":[{"href":"https:\/\/obiectiv-valcean.ro\/index.php\/wp-json\/wp\/v2\/media?parent=7604"}],"wp:term":[{"taxonomy":"category","embeddable":true,"href":"https:\/\/obiectiv-valcean.ro\/index.php\/wp-json\/wp\/v2\/categories?post=7604"},{"taxonomy":"post_tag","embeddable":true,"href":"https:\/\/obiectiv-valcean.ro\/index.php\/wp-json\/wp\/v2\/tags?post=7604"}],"curies":[{"name":"wp","href":"https:\/\/api.w.org\/{rel}","templated":true}]}}