{"id":7602,"date":"2025-08-18T08:31:15","date_gmt":"2025-08-18T08:31:15","guid":{"rendered":"https:\/\/obiectiv-valcean.ro\/?p=7602"},"modified":"2025-08-20T07:17:13","modified_gmt":"2025-08-20T07:17:13","slug":"pregatiri-pentru-constructia-celui-mai-greu-tronson-din-autostrada-sibiu-pitesti-la-caineni","status":"publish","type":"post","link":"https:\/\/obiectiv-valcean.ro\/index.php\/2025\/08\/18\/pregatiri-pentru-constructia-celui-mai-greu-tronson-din-autostrada-sibiu-pitesti-la-caineni\/","title":{"rendered":"Preg\u0103tiri pentru construc\u021bia celui mai greu tronson din Autostrada Sibiu \u2013 Pite\u0219ti, la C\u00e2ineni"},"content":{"rendered":"<p>Turcii au reu\u0219it s\u0103 amenajeze una dintre cele mai importante organiz\u0103ri de \u0219antier (Balta Verde) unde au sediul comandamentelor, sta\u021biile de sortare, dormitoare pentru angaja\u021bi, sala de mese, ateliere de repara\u021bii. Asta pentru c\u0103 minim 4 ani, de aici \u00eenainte se va lucra la cel mai mare \u0219antier de infrastructur\u0103 din Rom\u00e2nia care, doar pe raza comunei C\u00e2ineni va avea 3 poduri \u0219i 5 tuneluri.<\/p>\n<div class=\"e6219d6b3f8ec646e4cb39e8fa5294e4\" data-index=\"3\">\n<div class=\"demand-supply\" data-ad=\"ramnicuvalceaweek.ro_sticky_mobile_top\" data-devices=\"m:1,t:0,d:0\">\u201dAu fost angaja\u021bi localnici asta ne bucur\u0103, s\u0103pt\u0103m\u00e2nal avem oameni din C\u00e2ineni care se angajeaz\u0103 la compania care a \u00eenceput construc\u021bia viaductului de la Boi\u021ba. De la \u0219oferi p\u00e2n\u0103 la buc\u0103t\u0103rie, paz\u0103, sunt de aici, din localitate. Este foarte important acest \u0219antier \u0219i pe noi ne bucur\u0103 faptul c\u0103 lucr\u0103rile au fost demarate iar C\u00e2ineniul a devenit o baz\u0103 important\u0103 pentru antreprenorul turc\u201d, spune primarul Ion Nicolae.<\/div>\n<\/div>\n<p>Mapa Cengiz este antreprenorul care va construi lotul 2 al Autostr\u0103zii Sibiu \u2013 Pite\u0219ti, pe sectorul Boi\u021ba \u2013 Corntu, fiind vorba de cel mai dificil \u0219antier de infrastructur\u0103 din \u021bara noastr\u0103 p\u00e2n\u0103 \u00een prezent.<\/p>\n<p>C.P.<\/p>\n","protected":false},"excerpt":{"rendered":"<p>Turcii au reu\u0219it s\u0103 amenajeze una dintre cele mai importante organiz\u0103ri de \u0219antier (Balta Verde) unde au sediul comandamentelor, sta\u021biile de sortare, dormitoare pentru angaja\u021bi, sala de mese, ateliere de repara\u021bii. Asta pentru c\u0103 minim 4 ani, de aici \u00eenainte se va lucra la cel mai mare \u0219antier de infrastructur\u0103 din Rom\u00e2nia care, doar pe&#8230;<\/p>\n","protected":false},"author":1,"featured_media":1156,"comment_status":"open","ping_status":"open","sticky":false,"template":"","format":"standard","meta":{"footnotes":""},"categories":[2],"tags":[],"class_list":["post-7602","post","type-post","status-publish","format-standard","has-post-thumbnail","hentry","category-administratie"],"_links":{"self":[{"href":"https:\/\/obiectiv-valcean.ro\/index.php\/wp-json\/wp\/v2\/posts\/7602","targetHints":{"allow":["GET"]}}],"collection":[{"href":"https:\/\/obiectiv-valcean.ro\/index.php\/wp-json\/wp\/v2\/posts"}],"about":[{"href":"https:\/\/obiectiv-valcean.ro\/index.php\/wp-json\/wp\/v2\/types\/post"}],"author":[{"embeddable":true,"href":"https:\/\/obiectiv-valcean.ro\/index.php\/wp-json\/wp\/v2\/users\/1"}],"replies":[{"embeddable":true,"href":"https:\/\/obiectiv-valcean.ro\/index.php\/wp-json\/wp\/v2\/comments?post=7602"}],"version-history":[{"count":1,"href":"https:\/\/obiectiv-valcean.ro\/index.php\/wp-json\/wp\/v2\/posts\/7602\/revisions"}],"predecessor-version":[{"id":7603,"href":"https:\/\/obiectiv-valcean.ro\/index.php\/wp-json\/wp\/v2\/posts\/7602\/revisions\/7603"}],"wp:featuredmedia":[{"embeddable":true,"href":"https:\/\/obiectiv-valcean.ro\/index.php\/wp-json\/wp\/v2\/media\/1156"}],"wp:attachment":[{"href":"https:\/\/obiectiv-valcean.ro\/index.php\/wp-json\/wp\/v2\/media?parent=7602"}],"wp:term":[{"taxonomy":"category","embeddable":true,"href":"https:\/\/obiectiv-valcean.ro\/index.php\/wp-json\/wp\/v2\/categories?post=7602"},{"taxonomy":"post_tag","embeddable":true,"href":"https:\/\/obiectiv-valcean.ro\/index.php\/wp-json\/wp\/v2\/tags?post=7602"}],"curies":[{"name":"wp","href":"https:\/\/api.w.org\/{rel}","templated":true}]}}