{"id":1563,"date":"2025-07-23T08:55:30","date_gmt":"2025-07-23T08:55:30","guid":{"rendered":"https:\/\/obiectiv-valcean.ro\/?p=1563"},"modified":"2025-07-23T08:55:30","modified_gmt":"2025-07-23T08:55:30","slug":"danicei-ar-fi-pretabila-pentru-turism-in-special-turism-rural-ecologic-si-de-relaxare-spune-primarul-pirneci","status":"publish","type":"post","link":"https:\/\/obiectiv-valcean.ro\/index.php\/2025\/07\/23\/danicei-ar-fi-pretabila-pentru-turism-in-special-turism-rural-ecologic-si-de-relaxare-spune-primarul-pirneci\/","title":{"rendered":"D\u0103nicei ar fi pretabil\u0103 pentru turism, \u00een special turism rural, ecologic \u0219i de relaxare, spune primarul Pirneci"},"content":{"rendered":"<p data-start=\"2114\" data-end=\"2558\">Comuna D\u0103nicei, sub conducerea primarului <strong data-start=\"2156\" data-end=\"2175\">Dumitru Pirneci<\/strong>, parcurge o perioad\u0103 de transformare profund\u0103, cu proiecte concrete implementate sau aflate \u00een preg\u0103tire. Sunt vizate domenii esen\u021biale ale vie\u021bii comunitare: infrastructur\u0103 rutier\u0103 \u0219i utilit\u0103\u021bi moderne, educa\u021bie de calitate, s\u0103n\u0103tate \u0219i cre\u0219terea calit\u0103\u021bii vie\u021bii pentru to\u021bi locuitorii. Administra\u021bia local\u0103 lucreaz\u0103 cu responsabilitate pentru rezultate palpabile, pe termen lung. Comuna av\u00e2nd foarte multe sate pe un areal foarte mare, a fost nevoie de foarte multe proiecte si munc\u0103 penytru a le acoperi pe toate cu ap\u0103, canal, asfalt, iluminat etc. Iar in ultim\u0103 faz\u0103 este p<span class=\"relative -mx-px my-[-0.2rem] rounded px-px py-[0.2rem] transition-colors duration-100 ease-in-out\">roiectul de gaze naturale include studii financiare si fezabile, cu alocare de 7,5 milioane lei, lansat prin ADI \u00eempreun\u0103 cu localit\u0103\u021bile \u00eenvecinate<\/span><\/p>\n<p data-start=\"2560\" data-end=\"2740\">Priamrul spune c\u0103 D\u0103niceiul nu este \u00eenc\u0103 o destina\u021bie turistic\u0103, dar are un poten\u021bia real pentru turism rural, ecologic \u0219i de relaxare la \u021bar\u0103, datorit\u0103 factorilor geografici \u0219i culturali favorabili. Iar\u00a0dac\u0103 se dezvolt\u0103 ini\u021biative private (pensiuni, ferme turistice) \u0219i se atrag fonduri prin GAL sau PNRR pentru turism rural, zona chiar ar putea atrage turi\u0219ti.<\/p>\n<h4 data-start=\"2560\" data-end=\"2740\">\u201dAvem peisaje pitore\u0219ti cu dealuri, livezi \u0219i p\u0103duri, aer curat \u0219i lini\u0219te, ideal pentru turi\u0219ti care caut\u0103 evadare din mediul urban, r\u00e2uri \u0219i v\u0103i precum Valea Scheiului sau p\u00e2r\u00e2ul Lungu\u021bu locuri potrivite pentru plimb\u0103ri, picnicuri. Avem specificul satului rom\u00e2nesc biserici vechi, troi\u021be, obiceiuri tradi\u021bionale \u0219i gastronomie local\u0103 \u2013 m\u00e2ncare de cas\u0103, dulce\u021buri, produse lactate \u0219i b\u0103uturi tradi\u021bionale.\u201d, a declarat edilul.<\/h4>\n<p data-start=\"2560\" data-end=\"2740\">Claudia POPA<\/p>\n<h3 data-start=\"1027\" data-end=\"1074\"><\/h3>\n","protected":false},"excerpt":{"rendered":"<p>Comuna D\u0103nicei, sub conducerea primarului Dumitru Pirneci, parcurge o perioad\u0103 de transformare profund\u0103, cu proiecte concrete implementate sau aflate \u00een preg\u0103tire. Sunt vizate domenii esen\u021biale ale vie\u021bii comunitare: infrastructur\u0103 rutier\u0103 \u0219i utilit\u0103\u021bi moderne, educa\u021bie de calitate, s\u0103n\u0103tate \u0219i cre\u0219terea calit\u0103\u021bii vie\u021bii pentru to\u021bi locuitorii. Administra\u021bia local\u0103 lucreaz\u0103 cu responsabilitate pentru rezultate palpabile, pe termen lung&#8230;.<\/p>\n","protected":false},"author":1,"featured_media":1564,"comment_status":"open","ping_status":"open","sticky":false,"template":"","format":"standard","meta":{"footnotes":""},"categories":[2],"tags":[],"class_list":["post-1563","post","type-post","status-publish","format-standard","has-post-thumbnail","hentry","category-administratie"],"_links":{"self":[{"href":"https:\/\/obiectiv-valcean.ro\/index.php\/wp-json\/wp\/v2\/posts\/1563","targetHints":{"allow":["GET"]}}],"collection":[{"href":"https:\/\/obiectiv-valcean.ro\/index.php\/wp-json\/wp\/v2\/posts"}],"about":[{"href":"https:\/\/obiectiv-valcean.ro\/index.php\/wp-json\/wp\/v2\/types\/post"}],"author":[{"embeddable":true,"href":"https:\/\/obiectiv-valcean.ro\/index.php\/wp-json\/wp\/v2\/users\/1"}],"replies":[{"embeddable":true,"href":"https:\/\/obiectiv-valcean.ro\/index.php\/wp-json\/wp\/v2\/comments?post=1563"}],"version-history":[{"count":1,"href":"https:\/\/obiectiv-valcean.ro\/index.php\/wp-json\/wp\/v2\/posts\/1563\/revisions"}],"predecessor-version":[{"id":1565,"href":"https:\/\/obiectiv-valcean.ro\/index.php\/wp-json\/wp\/v2\/posts\/1563\/revisions\/1565"}],"wp:featuredmedia":[{"embeddable":true,"href":"https:\/\/obiectiv-valcean.ro\/index.php\/wp-json\/wp\/v2\/media\/1564"}],"wp:attachment":[{"href":"https:\/\/obiectiv-valcean.ro\/index.php\/wp-json\/wp\/v2\/media?parent=1563"}],"wp:term":[{"taxonomy":"category","embeddable":true,"href":"https:\/\/obiectiv-valcean.ro\/index.php\/wp-json\/wp\/v2\/categories?post=1563"},{"taxonomy":"post_tag","embeddable":true,"href":"https:\/\/obiectiv-valcean.ro\/index.php\/wp-json\/wp\/v2\/tags?post=1563"}],"curies":[{"name":"wp","href":"https:\/\/api.w.org\/{rel}","templated":true}]}}