{"id":1560,"date":"2025-07-23T08:33:45","date_gmt":"2025-07-23T08:33:45","guid":{"rendered":"https:\/\/obiectiv-valcean.ro\/?p=1560"},"modified":"2025-07-23T08:33:45","modified_gmt":"2025-07-23T08:33:45","slug":"pausesti-maglasi-o-comuna-atractiva-atat-pentru-locuitori-cat-si-pentru-vizitatori","status":"publish","type":"post","link":"https:\/\/obiectiv-valcean.ro\/index.php\/2025\/07\/23\/pausesti-maglasi-o-comuna-atractiva-atat-pentru-locuitori-cat-si-pentru-vizitatori\/","title":{"rendered":"P\u0103u\u0219e\u0219ti M\u0103gla\u0219i &#8211; o comun\u0103 atractiv\u0103 at\u00e2t pentru locuitori, c\u00e2t \u0219i pentru vizitatori"},"content":{"rendered":"<p data-start=\"1926\" data-end=\"2234\">P\u0103u\u0219e\u0219ti\u2011M\u0103gla\u0219i este un exemplu de comuni\u00adtate rural\u0103 modern\u0103, care \u00eembin\u0103 valorile istorice \u0219i religioase cu infrastructura urban\u0103, dezvoltare imobiliar\u0103 \u0219i poten\u021bial turistic. O localitate \u00een care tradi\u021bia \u0219i progresul merg m\u00e2n\u0103 \u00een m\u00e2n\u0103, f\u0103c\u00e2nd-o atractiv\u0103 at\u00e2t pentru locuitori, c\u00e2t \u0219i pentru vizitatori.<\/p>\n<p data-start=\"2236\" data-end=\"2371\"><span class=\"relative -mx-px my-[-0.2rem] rounded px-px py-[0.2rem] transition-colors duration-100 ease-in-out\">\u00cen ultimii ani popula\u021bia s-a dublat, atr\u0103g\u00e2ndu-se locuitori din R\u00e2mnicu V\u00e2lcea datorit\u0103 calit\u0103\u021bii vie\u021bii \u0219i a serviciilor utilita\u021bilor urbane. De asemenea, omuna se afl\u0103 \u00eentr-un proces accelerat de dezvoltare, fiind considerat\u0103 una dintre prima 10 localit\u0103\u021bi dezvoltate din jude\u021bul V\u00e2lcea, cu investi\u021bii semnificative \u00een utilit\u0103\u021bi \u0219i infrastructur\u0103 . In aceast\u0103 perioad\u0103 se extind \u0219i re\u021belele de gaze, o parte foarte important\u0103 n modernizarea comunei.<\/span><\/p>\n<p data-start=\"2236\" data-end=\"2371\">Primarul Marcel Radi spune c\u0103 \u201d P\u0103u\u0219e\u0219ti-M\u0103gla\u0219i beneficiaz\u0103 de o pozitionarea geografic\u0103 privigeliat\u0103, la poalele Mun\u021bilor C\u0103p\u0103\u021b\u00e2nii, pe valea r\u00e2ului Ol\u0103ne\u0219ti, ceea ce o face o zon\u0103 ideal\u0103 pentru turism ecumenic, rural \u0219i de relaxare, iar proximitatea cu sta\u021biunea B\u0103ile Ol\u0103ne\u0219ti \u0219i cu R\u00e2mnicu V\u00e2lcea contribuie la fluxul turistic, \u00een special \u00een sezonul cald.\u201d<\/p>\n<p data-start=\"2236\" data-end=\"2371\">Claudia POPA<\/p>\n","protected":false},"excerpt":{"rendered":"<p>P\u0103u\u0219e\u0219ti\u2011M\u0103gla\u0219i este un exemplu de comuni\u00adtate rural\u0103 modern\u0103, care \u00eembin\u0103 valorile istorice \u0219i religioase cu infrastructura urban\u0103, dezvoltare imobiliar\u0103 \u0219i poten\u021bial turistic. O localitate \u00een care tradi\u021bia \u0219i progresul merg m\u00e2n\u0103 \u00een m\u00e2n\u0103, f\u0103c\u00e2nd-o atractiv\u0103 at\u00e2t pentru locuitori, c\u00e2t \u0219i pentru vizitatori. \u00cen ultimii ani popula\u021bia s-a dublat, atr\u0103g\u00e2ndu-se locuitori din R\u00e2mnicu V\u00e2lcea datorit\u0103 calit\u0103\u021bii&#8230;<\/p>\n","protected":false},"author":1,"featured_media":1561,"comment_status":"open","ping_status":"open","sticky":false,"template":"","format":"standard","meta":{"footnotes":""},"categories":[2],"tags":[],"class_list":["post-1560","post","type-post","status-publish","format-standard","has-post-thumbnail","hentry","category-administratie"],"_links":{"self":[{"href":"https:\/\/obiectiv-valcean.ro\/index.php\/wp-json\/wp\/v2\/posts\/1560","targetHints":{"allow":["GET"]}}],"collection":[{"href":"https:\/\/obiectiv-valcean.ro\/index.php\/wp-json\/wp\/v2\/posts"}],"about":[{"href":"https:\/\/obiectiv-valcean.ro\/index.php\/wp-json\/wp\/v2\/types\/post"}],"author":[{"embeddable":true,"href":"https:\/\/obiectiv-valcean.ro\/index.php\/wp-json\/wp\/v2\/users\/1"}],"replies":[{"embeddable":true,"href":"https:\/\/obiectiv-valcean.ro\/index.php\/wp-json\/wp\/v2\/comments?post=1560"}],"version-history":[{"count":1,"href":"https:\/\/obiectiv-valcean.ro\/index.php\/wp-json\/wp\/v2\/posts\/1560\/revisions"}],"predecessor-version":[{"id":1562,"href":"https:\/\/obiectiv-valcean.ro\/index.php\/wp-json\/wp\/v2\/posts\/1560\/revisions\/1562"}],"wp:featuredmedia":[{"embeddable":true,"href":"https:\/\/obiectiv-valcean.ro\/index.php\/wp-json\/wp\/v2\/media\/1561"}],"wp:attachment":[{"href":"https:\/\/obiectiv-valcean.ro\/index.php\/wp-json\/wp\/v2\/media?parent=1560"}],"wp:term":[{"taxonomy":"category","embeddable":true,"href":"https:\/\/obiectiv-valcean.ro\/index.php\/wp-json\/wp\/v2\/categories?post=1560"},{"taxonomy":"post_tag","embeddable":true,"href":"https:\/\/obiectiv-valcean.ro\/index.php\/wp-json\/wp\/v2\/tags?post=1560"}],"curies":[{"name":"wp","href":"https:\/\/api.w.org\/{rel}","templated":true}]}}