{"id":1547,"date":"2025-07-16T10:14:53","date_gmt":"2025-07-16T10:14:53","guid":{"rendered":"https:\/\/obiectiv-valcean.ro\/?p=1547"},"modified":"2025-07-16T10:15:24","modified_gmt":"2025-07-16T10:15:24","slug":"nu-ratati-comuna-stanesti-manastirea-sfantul-gheorghe-suiesti-memorial-patriarh-justinian-marina-si-casa-memoriala-patriarhul-justinian-marina","status":"publish","type":"post","link":"https:\/\/obiectiv-valcean.ro\/index.php\/2025\/07\/16\/nu-ratati-comuna-stanesti-manastirea-sfantul-gheorghe-suiesti-memorial-patriarh-justinian-marina-si-casa-memoriala-patriarhul-justinian-marina\/","title":{"rendered":"Nu rata\u021bi comuna St\u0103ne\u0219ti: M\u0103n\u0103stirea Sf\u00e2ntul Gheorghe Suie\u0219ti \u0219i Casa memorial\u0103 &#8222;Patriarhul Justinian Marina&#8221;"},"content":{"rendered":"<p>A\u0219ez\u0103m\u00e2ntul monahal din satul natal al Patriarhului Justinian Marina &#8211; M\u00e2n\u0103stirea SF Mare Mucenic Gheorghe este un loc deja renumit \u0219i cautat \u00een fiecare zi de duminica sau s\u0103rb\u0103toare. Credincio\u0219i din toat\u0103 \u021bara vin m\u0103car pentru o dat\u0103 \u00een via\u021b\u0103 aici, pentru harul preotilor, dar \u0219i pentru pelerinaj. Autorit\u0103\u021bile locale , respectiv primarul Mugurel Bu\u0219e, recomand\u0103 \u0219i pre\u021buie\u0219te faptul c\u0103 exist\u0103 \u00een comun\u0103 acest l\u0103cas de cult.<\/p>\n<p>\u201dPre\u021buim faptul ca \u00een comuna noastr\u0103 se afl\u0103 acest a\u0219ez\u0103m\u00e2nt monahal. M\u0103n\u0103stirea \u00een satul Suie\u0219ti este legat\u0103 de pomenirea patriarhului Justinian Marina \u0219i de bisericu\u021ba pe care acesta a adus-o \u00een sat, cunoscut\u0103 ca biserica de lemn din G\u00e2lg\u0103u . Se vorbea despre existen\u021ba unei picturi exterioare pe p\u00e2nz\u0103 la altar, pe care se afla \u00eenscris anul 1658. Biserica a fost salvat\u0103 de la demolare sub regimul regelui Carol al II-lea al Rom\u00e2niei, \u00een perioada interbelic\u0103, \u0219i transferat\u0103 la sud de Carpa\u021bi, \u00een una din taberele de preg\u0103tire ale tineretului din acea vreme. Dup\u0103 r\u0103zboi ea a fost salvat\u0103 a doua oar\u0103, \u00eempreun\u0103 cu alte biserici \u00een aceea\u0219i situa\u021bie, de patriarhul Justinian, fiind reconstruit\u0103 ca biseric\u0103 parohial\u0103 \u00een Suie\u0219ti, jude\u021bul V\u00e2lcea, cu hramul Sf. Parascheva \u00een anul 1951.<\/p>\n<div dir=\"auto\">\n<p>Arhiepiscopia R\u00e2mnicului a hot\u0103r\u00e2t \u00een anul 2014 s\u0103 se construiasc\u0103 o nou\u0103 m\u0103n\u0103stire: M\u0103n\u0103stirea Sf\u00e2ntul Gheorghe Suie\u0219ti \u2013 Memorial Patriarh Justinian Marina \u0219i Casa memorial\u0103 &#8222;Patriarhul Justinian Marina. Domnul Lucian Zmaranda, ctitorul noii M\u0103n\u0103stiri cu hramurile<em>\u00a0Sf\u00e2ntul Mare Mucenic Gheorghe\u00a0<\/em>\u0219i\u00a0<em>Binecredinciosul \u00cemp\u0103rat Justinian cel Mare<\/em>,\u00a0 este un fiu al satului Suie\u015fti, care, la ini\u021biativa \u0219i cu atenta purtare de grij\u0103 a \u00cenaltpreasfin\u0163itului P\u0103rinte Varsanufie, Arhiepiscopul R\u00e2mnicului, a construit aceast\u0103 m\u0103n\u0103stire cu mult\u0103 jertf\u0103 \u015fi dragoste de Biseric\u0103 \u015fi neam.La momentul sfin\u0163irii, \u00een 22 octombrie 2017, a\u015fez\u0103m\u00e2ntul monastic a fost numit de Patriarhul Daniel \u201dO biseric\u0103-simbol in satul natal al Patriarhului Justinian. Este un obiectiv important pentru comuna noastr\u0103, deoarece oameni din toat\u0103 \u021bara vin aici pentru o rug\u0103ciune.\u201d, declar\u0103 primarul Bu\u0219e.<\/p>\n<p>C.P.<\/p>\n<\/div>\n","protected":false},"excerpt":{"rendered":"<p>A\u0219ez\u0103m\u00e2ntul monahal din satul natal al Patriarhului Justinian Marina &#8211; M\u00e2n\u0103stirea SF Mare Mucenic Gheorghe este un loc deja renumit \u0219i cautat \u00een fiecare zi de duminica sau s\u0103rb\u0103toare. Credincio\u0219i din toat\u0103 \u021bara vin m\u0103car pentru o dat\u0103 \u00een via\u021b\u0103 aici, pentru harul preotilor, dar \u0219i pentru pelerinaj. Autorit\u0103\u021bile locale , respectiv primarul Mugurel Bu\u0219e,&#8230;<\/p>\n","protected":false},"author":1,"featured_media":1548,"comment_status":"open","ping_status":"open","sticky":false,"template":"","format":"standard","meta":{"footnotes":""},"categories":[12],"tags":[],"class_list":["post-1547","post","type-post","status-publish","format-standard","has-post-thumbnail","hentry","category-cultura"],"_links":{"self":[{"href":"https:\/\/obiectiv-valcean.ro\/index.php\/wp-json\/wp\/v2\/posts\/1547","targetHints":{"allow":["GET"]}}],"collection":[{"href":"https:\/\/obiectiv-valcean.ro\/index.php\/wp-json\/wp\/v2\/posts"}],"about":[{"href":"https:\/\/obiectiv-valcean.ro\/index.php\/wp-json\/wp\/v2\/types\/post"}],"author":[{"embeddable":true,"href":"https:\/\/obiectiv-valcean.ro\/index.php\/wp-json\/wp\/v2\/users\/1"}],"replies":[{"embeddable":true,"href":"https:\/\/obiectiv-valcean.ro\/index.php\/wp-json\/wp\/v2\/comments?post=1547"}],"version-history":[{"count":2,"href":"https:\/\/obiectiv-valcean.ro\/index.php\/wp-json\/wp\/v2\/posts\/1547\/revisions"}],"predecessor-version":[{"id":1550,"href":"https:\/\/obiectiv-valcean.ro\/index.php\/wp-json\/wp\/v2\/posts\/1547\/revisions\/1550"}],"wp:featuredmedia":[{"embeddable":true,"href":"https:\/\/obiectiv-valcean.ro\/index.php\/wp-json\/wp\/v2\/media\/1548"}],"wp:attachment":[{"href":"https:\/\/obiectiv-valcean.ro\/index.php\/wp-json\/wp\/v2\/media?parent=1547"}],"wp:term":[{"taxonomy":"category","embeddable":true,"href":"https:\/\/obiectiv-valcean.ro\/index.php\/wp-json\/wp\/v2\/categories?post=1547"},{"taxonomy":"post_tag","embeddable":true,"href":"https:\/\/obiectiv-valcean.ro\/index.php\/wp-json\/wp\/v2\/tags?post=1547"}],"curies":[{"name":"wp","href":"https:\/\/api.w.org\/{rel}","templated":true}]}}