{"id":1544,"date":"2025-07-16T09:18:41","date_gmt":"2025-07-16T09:18:41","guid":{"rendered":"https:\/\/obiectiv-valcean.ro\/?p=1544"},"modified":"2025-07-16T09:18:59","modified_gmt":"2025-07-16T09:18:59","slug":"paana-la-sfarsitul-anului-gospodariile-din-otesani-se-racordeaza-la-apa-si-canal","status":"publish","type":"post","link":"https:\/\/obiectiv-valcean.ro\/index.php\/2025\/07\/16\/paana-la-sfarsitul-anului-gospodariile-din-otesani-se-racordeaza-la-apa-si-canal\/","title":{"rendered":"P\u00e2n\u0103 la sf\u00e2r\u0219itul anului, gospod\u0103riile din Ote\u0219ani se racordeaz\u0103 la ap\u0103 si canal"},"content":{"rendered":"<p>Primarul Mircea Opri\u0219or a muncit mult la proiectele de ap\u0103 si canalizare, iar acum urmeaz\u0103 ca p\u00e2n\u0103 la sf\u00e2r\u0219itul anului s\u0103 se racordeze toate gospod\u0103riile din comun\u0103.<\/p>\n<div id=\"wrapper\" class=\"hfeed\">\n<div id=\"wrap\" class=\"clearfix\">\n<section id=\"content\" class=\"primary\" role=\"main\">\n<article id=\"post-84967\" class=\"post-84967 post type-post status-publish format-standard has-post-thumbnail hentry category-administratie category-social tag-investitii-2 tag-mircea-oprisor tag-otesani\">\n<div class=\"entry clearfix\">\n<p>\u201dAcesta a fost proiectul nostru, dorin\u021ba oamenilor, pus\u0103 \u00een aplicare de Consiliul Local. Ca fiecare cas\u0103 s\u0103 aib\u0103 la poart\u0103 c\u0103minul pentru ap\u0103 \u0219i pentru canalizare. Totul ordonat a\u0219a cum ne place s\u0103 spunem, ca \u00een Europa. Urmeaz\u0103 acum s\u0103 venim cu drumurile. Proiectul care vine s\u0103 finalizeze absolut tot ce ne-am propus pentru comuna Ote\u0219ani\u201d, spune primarul Ote\u0219ani.<\/p>\n<p>In comun\u0103 mai sunt in implementare lucr\u0103rile la cele dou\u0103 sta\u021bii electrice de re\u00eenc\u0103rcare \u0219i finalizarea proiectului de eficientizare si reabilitare sediu primarie. Luna viitoare se va \u00eencheia \u0219i sediul prim\u0103riei. O cl\u0103dire complet autonom\u0103 energetic \u0219i care nu va necesita costuri de \u00eentre\u021binere. C\u0103ldura \u0219i energia electric\u0103 vor fi asigurate de panourile fotovoltaice, pompele de c\u0103ldur\u0103<\/p>\n<div class=\"e6219d6b3f8ec646e4cb39e8fa5294e4\" data-index=\"1\">\n<div data-type=\"_mgwidget\" data-widget-id=\"701098\" data-uid=\"07fda\">\n<div id=\"mgw701098_07fda\">\n<div>\n<div class=\"mgbox\">\n<div class=\"mgheader\"><\/div>\n<\/div>\n<\/div>\n<\/div>\n<\/div>\n<\/div>\n<\/div>\n<\/article>\n<\/section>\n<\/div>\n<\/div>\n<div><\/div>\n","protected":false},"excerpt":{"rendered":"<p>Primarul Mircea Opri\u0219or a muncit mult la proiectele de ap\u0103 si canalizare, iar acum urmeaz\u0103 ca p\u00e2n\u0103 la sf\u00e2r\u0219itul anului s\u0103 se racordeze toate gospod\u0103riile din comun\u0103. \u201dAcesta a fost proiectul nostru, dorin\u021ba oamenilor, pus\u0103 \u00een aplicare de Consiliul Local. Ca fiecare cas\u0103 s\u0103 aib\u0103 la poart\u0103 c\u0103minul pentru ap\u0103 \u0219i pentru canalizare. Totul ordonat&#8230;<\/p>\n","protected":false},"author":1,"featured_media":1201,"comment_status":"open","ping_status":"open","sticky":false,"template":"","format":"standard","meta":{"footnotes":""},"categories":[2],"tags":[],"class_list":["post-1544","post","type-post","status-publish","format-standard","has-post-thumbnail","hentry","category-administratie"],"_links":{"self":[{"href":"https:\/\/obiectiv-valcean.ro\/index.php\/wp-json\/wp\/v2\/posts\/1544","targetHints":{"allow":["GET"]}}],"collection":[{"href":"https:\/\/obiectiv-valcean.ro\/index.php\/wp-json\/wp\/v2\/posts"}],"about":[{"href":"https:\/\/obiectiv-valcean.ro\/index.php\/wp-json\/wp\/v2\/types\/post"}],"author":[{"embeddable":true,"href":"https:\/\/obiectiv-valcean.ro\/index.php\/wp-json\/wp\/v2\/users\/1"}],"replies":[{"embeddable":true,"href":"https:\/\/obiectiv-valcean.ro\/index.php\/wp-json\/wp\/v2\/comments?post=1544"}],"version-history":[{"count":2,"href":"https:\/\/obiectiv-valcean.ro\/index.php\/wp-json\/wp\/v2\/posts\/1544\/revisions"}],"predecessor-version":[{"id":1546,"href":"https:\/\/obiectiv-valcean.ro\/index.php\/wp-json\/wp\/v2\/posts\/1544\/revisions\/1546"}],"wp:featuredmedia":[{"embeddable":true,"href":"https:\/\/obiectiv-valcean.ro\/index.php\/wp-json\/wp\/v2\/media\/1201"}],"wp:attachment":[{"href":"https:\/\/obiectiv-valcean.ro\/index.php\/wp-json\/wp\/v2\/media?parent=1544"}],"wp:term":[{"taxonomy":"category","embeddable":true,"href":"https:\/\/obiectiv-valcean.ro\/index.php\/wp-json\/wp\/v2\/categories?post=1544"},{"taxonomy":"post_tag","embeddable":true,"href":"https:\/\/obiectiv-valcean.ro\/index.php\/wp-json\/wp\/v2\/tags?post=1544"}],"curies":[{"name":"wp","href":"https:\/\/api.w.org\/{rel}","templated":true}]}}