{"id":1526,"date":"2025-06-21T10:00:08","date_gmt":"2025-06-21T10:00:08","guid":{"rendered":"https:\/\/obiectiv-valcean.ro\/?p=1526"},"modified":"2025-06-21T10:00:08","modified_gmt":"2025-06-21T10:00:08","slug":"comuna-otesani-devine-una-verde","status":"publish","type":"post","link":"https:\/\/obiectiv-valcean.ro\/index.php\/2025\/06\/21\/comuna-otesani-devine-una-verde\/","title":{"rendered":"Comuna Ote\u0219ani devine una verde"},"content":{"rendered":"<p>La capitolul energie verde, comuna Otesani st\u0103 foarte bine.\u00a0 Are \u00een evaluare un parc fotovoltaic, unul care s\u0103 compenseze costurile cu energia electric\u0103 pentru institu\u021biile publice, de construc\u021bia a dou\u0103 sta\u021bii de \u00eenc\u0103rcare electric\u0103, plus c\u0103 se se finalizeaz\u0103 una dintre cele mai moderne institu\u021bii administrative, o cl\u0103dire autonom\u0103 energetic \u00een care va func\u021biona prim\u0103ria. \u00centreaga lucrare a fost executat\u0103 cu fonduri europene.<\/p>\n<div class=\"e6219d6b3f8ec646e4cb39e8fa5294e4\" data-index=\"3\">\n<div class=\"demand-supply\" data-ad=\"ramnicuvalceaweek.ro_sticky_mobile_top\" data-devices=\"m:1,t:0,d:0\">\u201d O investi\u021bie care merita f\u0103cut\u0103. Nu ne-a costat nimic pe noi, au fost fonduri europene investite \u00eentr-o cl\u0103dire unde au fost montate pompe de c\u0103ldur\u0103, panouri, a fost realizat\u0103 izola\u021bia, acoepri\u0219ul. O cl\u0103dire modern\u0103, autonom energetic, care prezint\u0103 siguran\u021b\u0103 \u0219i securitate pentru angaja\u021bii institu\u021biei. Va fi gata \u00een aceast\u0103 var\u0103. Avem \u00een paralele poiectele de digitalizare \u0219i vom investi \u00een eficientizare activit\u0103\u021bii institu\u021biei\u201d, spune primarul Mircea Opri\u0219or. Tot \u00een aceast\u0103 var\u0103 se vor \u00eencheia \u0219i bran\u0219amentele, racordurile la re\u021belele de ap\u0103 \u0219i canalizare.<\/div>\n<\/div>\n<div id=\"videoad\">Claudia POPA<\/div>\n","protected":false},"excerpt":{"rendered":"<p>La capitolul energie verde, comuna Otesani st\u0103 foarte bine.\u00a0 Are \u00een evaluare un parc fotovoltaic, unul care s\u0103 compenseze costurile cu energia electric\u0103 pentru institu\u021biile publice, de construc\u021bia a dou\u0103 sta\u021bii de \u00eenc\u0103rcare electric\u0103, plus c\u0103 se se finalizeaz\u0103 una dintre cele mai moderne institu\u021bii administrative, o cl\u0103dire autonom\u0103 energetic \u00een care va func\u021biona prim\u0103ria&#8230;.<\/p>\n","protected":false},"author":1,"featured_media":1527,"comment_status":"open","ping_status":"open","sticky":false,"template":"","format":"standard","meta":{"footnotes":""},"categories":[2],"tags":[],"class_list":["post-1526","post","type-post","status-publish","format-standard","has-post-thumbnail","hentry","category-administratie"],"_links":{"self":[{"href":"https:\/\/obiectiv-valcean.ro\/index.php\/wp-json\/wp\/v2\/posts\/1526","targetHints":{"allow":["GET"]}}],"collection":[{"href":"https:\/\/obiectiv-valcean.ro\/index.php\/wp-json\/wp\/v2\/posts"}],"about":[{"href":"https:\/\/obiectiv-valcean.ro\/index.php\/wp-json\/wp\/v2\/types\/post"}],"author":[{"embeddable":true,"href":"https:\/\/obiectiv-valcean.ro\/index.php\/wp-json\/wp\/v2\/users\/1"}],"replies":[{"embeddable":true,"href":"https:\/\/obiectiv-valcean.ro\/index.php\/wp-json\/wp\/v2\/comments?post=1526"}],"version-history":[{"count":1,"href":"https:\/\/obiectiv-valcean.ro\/index.php\/wp-json\/wp\/v2\/posts\/1526\/revisions"}],"predecessor-version":[{"id":1528,"href":"https:\/\/obiectiv-valcean.ro\/index.php\/wp-json\/wp\/v2\/posts\/1526\/revisions\/1528"}],"wp:featuredmedia":[{"embeddable":true,"href":"https:\/\/obiectiv-valcean.ro\/index.php\/wp-json\/wp\/v2\/media\/1527"}],"wp:attachment":[{"href":"https:\/\/obiectiv-valcean.ro\/index.php\/wp-json\/wp\/v2\/media?parent=1526"}],"wp:term":[{"taxonomy":"category","embeddable":true,"href":"https:\/\/obiectiv-valcean.ro\/index.php\/wp-json\/wp\/v2\/categories?post=1526"},{"taxonomy":"post_tag","embeddable":true,"href":"https:\/\/obiectiv-valcean.ro\/index.php\/wp-json\/wp\/v2\/tags?post=1526"}],"curies":[{"name":"wp","href":"https:\/\/api.w.org\/{rel}","templated":true}]}}