{"id":1524,"date":"2025-06-21T09:47:58","date_gmt":"2025-06-21T09:47:58","guid":{"rendered":"https:\/\/obiectiv-valcean.ro\/?p=1524"},"modified":"2025-06-21T09:47:58","modified_gmt":"2025-06-21T09:47:58","slug":"primarul-mugurel-buse-implicat-in-rezolvarea-problemelor-comunei","status":"publish","type":"post","link":"https:\/\/obiectiv-valcean.ro\/index.php\/2025\/06\/21\/primarul-mugurel-buse-implicat-in-rezolvarea-problemelor-comunei\/","title":{"rendered":"Primarul Mugurel Bu\u0219e, implicat \u00een rezolvarea problemelor comunei"},"content":{"rendered":"<p>Mugurel Bu\u0219e, primarul comunei St\u0103ne\u0219ti este implicat in a oferi condi\u0163ii mai bune de tr\u0103i pentru popula\u0163ia sa, precum \u015fi un minimum de condi\u0163ii \u0219i asta se rezum\u0103 in infrastructura de ap\u0103, canal, asfalt, iluminat etc. In ceea ce prive\u0219te partea deadministrare, Bu\u0219e direc\u021bioneaz\u0103 comunitatea spre o dezvoltare economic\u0103 si social\u0103, dovad\u0103 fiind proiectele care au fost implementate.<\/p>\n<p>Totodat\u0103, ar mai fi nevoie de 12 km de asfalt, pentru comuna St\u0103ne\u0219ti astfel \u00eenc\u00e2t s\u0103 fie toat\u0103 infrastructura de drumuri finalizat\u0103.<\/p>\n<div class=\"e6219d6b3f8ec646e4cb39e8fa5294e4\" data-index=\"3\">\n<div class=\"demand-supply\" data-ad=\"ramnicuvalceaweek.ro_sticky_mobile_top\" data-devices=\"m:1,t:0,d:0\">\u201dSuntem \u00een faz\u0103 avansat\u0103 cu extinderile la ap\u0103 \u0219i canalizare. Dup\u0103 ce vom \u00eencheia aceste lucr\u0103ri ne apuc\u0103m de drumuri. Asta am vrut s\u0103 finaliz\u0103m ce era necesar de introdus \u00een p\u0103m\u00e2nt pentru a nu mai sparge din nou. Din calculele noastre, zonele locuite ar necesita \u00een jur de 12 km de drumuri \u0219i atunci am avea totul finalizat\u201d, sus\u021bine Mugur Bu\u0219e.<\/div>\n<div data-ad=\"ramnicuvalceaweek.ro_sticky_mobile_top\" data-devices=\"m:1,t:0,d:0\">Claudia POPA<\/div>\n<\/div>\n","protected":false},"excerpt":{"rendered":"<p>Mugurel Bu\u0219e, primarul comunei St\u0103ne\u0219ti este implicat in a oferi condi\u0163ii mai bune de tr\u0103i pentru popula\u0163ia sa, precum \u015fi un minimum de condi\u0163ii \u0219i asta se rezum\u0103 in infrastructura de ap\u0103, canal, asfalt, iluminat etc. In ceea ce prive\u0219te partea deadministrare, Bu\u0219e direc\u021bioneaz\u0103 comunitatea spre o dezvoltare economic\u0103 si social\u0103, dovad\u0103 fiind proiectele care&#8230;<\/p>\n","protected":false},"author":1,"featured_media":1111,"comment_status":"open","ping_status":"open","sticky":false,"template":"","format":"standard","meta":{"footnotes":""},"categories":[2],"tags":[],"class_list":["post-1524","post","type-post","status-publish","format-standard","has-post-thumbnail","hentry","category-administratie"],"_links":{"self":[{"href":"https:\/\/obiectiv-valcean.ro\/index.php\/wp-json\/wp\/v2\/posts\/1524","targetHints":{"allow":["GET"]}}],"collection":[{"href":"https:\/\/obiectiv-valcean.ro\/index.php\/wp-json\/wp\/v2\/posts"}],"about":[{"href":"https:\/\/obiectiv-valcean.ro\/index.php\/wp-json\/wp\/v2\/types\/post"}],"author":[{"embeddable":true,"href":"https:\/\/obiectiv-valcean.ro\/index.php\/wp-json\/wp\/v2\/users\/1"}],"replies":[{"embeddable":true,"href":"https:\/\/obiectiv-valcean.ro\/index.php\/wp-json\/wp\/v2\/comments?post=1524"}],"version-history":[{"count":1,"href":"https:\/\/obiectiv-valcean.ro\/index.php\/wp-json\/wp\/v2\/posts\/1524\/revisions"}],"predecessor-version":[{"id":1525,"href":"https:\/\/obiectiv-valcean.ro\/index.php\/wp-json\/wp\/v2\/posts\/1524\/revisions\/1525"}],"wp:featuredmedia":[{"embeddable":true,"href":"https:\/\/obiectiv-valcean.ro\/index.php\/wp-json\/wp\/v2\/media\/1111"}],"wp:attachment":[{"href":"https:\/\/obiectiv-valcean.ro\/index.php\/wp-json\/wp\/v2\/media?parent=1524"}],"wp:term":[{"taxonomy":"category","embeddable":true,"href":"https:\/\/obiectiv-valcean.ro\/index.php\/wp-json\/wp\/v2\/categories?post=1524"},{"taxonomy":"post_tag","embeddable":true,"href":"https:\/\/obiectiv-valcean.ro\/index.php\/wp-json\/wp\/v2\/tags?post=1524"}],"curies":[{"name":"wp","href":"https:\/\/api.w.org\/{rel}","templated":true}]}}