{"id":1521,"date":"2025-06-21T08:38:48","date_gmt":"2025-06-21T08:38:48","guid":{"rendered":"https:\/\/obiectiv-valcean.ro\/?p=1521"},"modified":"2025-06-21T08:38:48","modified_gmt":"2025-06-21T08:38:48","slug":"primarul-din-danicei-cauta-solutii-pentru-asfaltarea-drumurilor-de-legatura-cu-judetul-arges","status":"publish","type":"post","link":"https:\/\/obiectiv-valcean.ro\/index.php\/2025\/06\/21\/primarul-din-danicei-cauta-solutii-pentru-asfaltarea-drumurilor-de-legatura-cu-judetul-arges\/","title":{"rendered":"Primarul din D\u0103nicei caut\u0103 solu\u021bii pentru asfaltarea drumurilor de leg\u0103tur\u0103 cu jude\u021bul Arge\u0219"},"content":{"rendered":"<p>Drumurile de leg\u0103tur\u0103 \u00eentre comune au fost l\u0103sate de izbeli\u0219te, neexist\u00e2nd programe si fonduri pentru reabilitarea acestora. \u00cens\u0103 \u00een ultimii ani, comunele au \u00eenceput s\u0103 creeze asocia\u021bii, tocmai pentru a putea accesa mai u\u0219or fonduri , in vederea asfalt\u0103rii drumurilor de leg\u0103tur\u0103.<\/p>\n<p>Primarul din D\u0103nicei, Dumitru Pirneci, ne-a vorbit despre importan\u021ba \u0219i necesitatea leg\u0103turilor intre localit\u0103\u021bi, de aceea caut\u0103 oportunit\u0103\u021bi financiare pentru a putea moderniza aceste drumuri. \u201dAm inteles c\u0103 se deschid ni\u0219te programe cu fonduri norvegiene, special pentru modernizarea drumurilor \u0219i facem documentaa\u021biile pentru a depune . Speram s\u0103 ne \u00eencadr\u0103m \u0219i s\u0103 putem accesa fonduri europene pentru drumuri cum ar fi Ciom\u0103ge\u0219ti &#8211; Arge\u0219. Proiectul are 6,5 km de drumuri, in care ar intra \u0219i acesta spre jude\u021bul Arge\u0219, dar \u0219i uun km spre localitatea Nicolae B\u0103lcescu. Ei au asfaltat p\u00e2n\u0103 la hotar cu noi \u0219i trebuie s\u0103 asfaltam si noi\u201d, spune edilul Pirneci.<\/p>\n<p>Claudia POPA<\/p>\n","protected":false},"excerpt":{"rendered":"<p>Drumurile de leg\u0103tur\u0103 \u00eentre comune au fost l\u0103sate de izbeli\u0219te, neexist\u00e2nd programe si fonduri pentru reabilitarea acestora. \u00cens\u0103 \u00een ultimii ani, comunele au \u00eenceput s\u0103 creeze asocia\u021bii, tocmai pentru a putea accesa mai u\u0219or fonduri , in vederea asfalt\u0103rii drumurilor de leg\u0103tur\u0103. Primarul din D\u0103nicei, Dumitru Pirneci, ne-a vorbit despre importan\u021ba \u0219i necesitatea leg\u0103turilor intre&#8230;<\/p>\n","protected":false},"author":1,"featured_media":1522,"comment_status":"open","ping_status":"open","sticky":false,"template":"","format":"standard","meta":{"footnotes":""},"categories":[2],"tags":[],"class_list":["post-1521","post","type-post","status-publish","format-standard","has-post-thumbnail","hentry","category-administratie"],"_links":{"self":[{"href":"https:\/\/obiectiv-valcean.ro\/index.php\/wp-json\/wp\/v2\/posts\/1521","targetHints":{"allow":["GET"]}}],"collection":[{"href":"https:\/\/obiectiv-valcean.ro\/index.php\/wp-json\/wp\/v2\/posts"}],"about":[{"href":"https:\/\/obiectiv-valcean.ro\/index.php\/wp-json\/wp\/v2\/types\/post"}],"author":[{"embeddable":true,"href":"https:\/\/obiectiv-valcean.ro\/index.php\/wp-json\/wp\/v2\/users\/1"}],"replies":[{"embeddable":true,"href":"https:\/\/obiectiv-valcean.ro\/index.php\/wp-json\/wp\/v2\/comments?post=1521"}],"version-history":[{"count":1,"href":"https:\/\/obiectiv-valcean.ro\/index.php\/wp-json\/wp\/v2\/posts\/1521\/revisions"}],"predecessor-version":[{"id":1523,"href":"https:\/\/obiectiv-valcean.ro\/index.php\/wp-json\/wp\/v2\/posts\/1521\/revisions\/1523"}],"wp:featuredmedia":[{"embeddable":true,"href":"https:\/\/obiectiv-valcean.ro\/index.php\/wp-json\/wp\/v2\/media\/1522"}],"wp:attachment":[{"href":"https:\/\/obiectiv-valcean.ro\/index.php\/wp-json\/wp\/v2\/media?parent=1521"}],"wp:term":[{"taxonomy":"category","embeddable":true,"href":"https:\/\/obiectiv-valcean.ro\/index.php\/wp-json\/wp\/v2\/categories?post=1521"},{"taxonomy":"post_tag","embeddable":true,"href":"https:\/\/obiectiv-valcean.ro\/index.php\/wp-json\/wp\/v2\/tags?post=1521"}],"curies":[{"name":"wp","href":"https:\/\/api.w.org\/{rel}","templated":true}]}}