{"id":13747,"date":"2026-02-24T11:49:38","date_gmt":"2026-02-24T11:49:38","guid":{"rendered":"https:\/\/obiectiv-valcean.ro\/?p=13747"},"modified":"2026-02-24T11:49:38","modified_gmt":"2026-02-24T11:49:38","slug":"analiza-romania-intre-piata-si-geopolitica-se-poate-transmite-socul-slovac-de-reducere-a-livrarilor-de-energie-electrica-in-ucraina-in-creseterea-pretului-la-energie-electrica-in-romania","status":"publish","type":"post","link":"https:\/\/obiectiv-valcean.ro\/index.php\/2026\/02\/24\/analiza-romania-intre-piata-si-geopolitica-se-poate-transmite-socul-slovac-de-reducere-a-livrarilor-de-energie-electrica-in-ucraina-in-creseterea-pretului-la-energie-electrica-in-romania\/","title":{"rendered":"Analiz\u0103. Rom\u00e2nia \u00eentre pia\u021b\u0103 \u0219i geopolitic\u0103. Se poate transmite \u0219ocul slovac de reducere a livr\u0103rilor de energie electric\u0103 \u00een Ucraina \u00een cre\u0219eterea pre\u021bului la energie electric\u0103 \u00een Rom\u00e2nia."},"content":{"rendered":"<p><strong>Energia ca arm\u0103 &#8211; Slovacia apas\u0103 pe \u00eentrerup\u0103tor, Ucraina simte presiunea<\/strong><\/p>\n<p>Pe 23 februarie 2026, guvernul de la Bratislava, condus de Robert Fico, a decis s\u0103 opreasc\u0103 livr\u0103rile de \u201eenergie de urgen\u021b\u0103\u201d c\u0103tre Ucraina. Oficial, gestul este un r\u0103spuns la blocajele legat de petrolul rusesc care tranziteaz\u0103 Ucraina prin conducta Druzhba. \u00cen realitate, decizia are o \u00eenc\u0103rc\u0103tur\u0103 politic\u0103 mult mai mare, este <strong>o demonstra\u021bie de for\u021b\u0103 \u00eentr-un moment \u00een care energia r\u0103m\u00e2ne cea mai sensibil\u0103 vulnerabilitate a Kievului<\/strong>.<\/p>\n<p>Nu vorbim despre un detaliu tehnic. Vorbim despre o pies\u0103 din mecanismul de stabilizare a unei re\u021bele energetice bombardate sistematic.<\/p>\n<p>&nbsp;<\/p>\n<p><strong>C\u00e2t conta Slovacia pentru Ucraina?<\/strong><\/p>\n<p>\u00cen ianuarie 2026, Ucraina a importat un volum record de energie electric\u0103: 894 GWh. Din acest total, aproximativ <strong>159,8 GWh au venit din Slovacia \u2014 adic\u0103 17\u201318% din importurile totale<\/strong>.<\/p>\n<p>Nu pare mult \u00eentr-un sistem energetic de zeci de gigawa\u021bi. Dar \u00een condi\u021biile \u00een care Ucraina a raportat perioade cu deficit de ofert\u0103 de p\u00e2n\u0103 la 30%, ace\u0219ti megawa\u021bi sunt diferen\u021ba dintre stabilitate \u0219i \u00eentreruperi controlate.<\/p>\n<p>Bratislava a anun\u021bat <strong>oprirea \u201eenergiei de urgen\u021b\u0103\u201d<\/strong>, nu neap\u0103rat a tuturor fluxurilor comerciale. Diferen\u021ba este esen\u021bial\u0103.<\/p>\n<p>&nbsp;<\/p>\n<p><strong>Ce \u00eenseamn\u0103 \u201eenergie de urgen\u021b\u0103\u201d?<\/strong><\/p>\n<p>Energia de urgen\u021b\u0103 nu este tranzac\u021bie comercial\u0103 clasic\u0103. Este un mecanism de stabilizare folosit dup\u0103 atacuri asupra infrastructurii sau \u00een caz de dezechilibru sever de frecven\u021b\u0103.<\/p>\n<p>Dac\u0103 Slovacia opre\u0219te strict acest mecanism:<\/p>\n<ul>\n<li>Impactul zilnic poate fi aproape zero \u00een zile normale.<\/li>\n<li>Vulnerabilitatea cre\u0219te \u00een momentele critice (dup\u0103 bombardamente, avarii majore, valuri de frig).<\/li>\n<\/ul>\n<p>Dac\u0103 \u00eens\u0103 se restr\u00e2ng \u0219i fluxurile comerciale, atunci situa\u021bia se schimb\u0103.<\/p>\n<p><strong>\u00a0<\/strong><\/p>\n<p><strong>Trei scenarii posibile<\/strong><\/p>\n<ol>\n<li><strong><em> Limitarea impactului, risc latent<\/em><\/strong><\/li>\n<\/ol>\n<p>Slovacia opre\u0219te doar asisten\u021b\u0103 de urgen\u021b\u0103. Ucraina compenseaz\u0103 prin Rom\u00e2nia, Polonia \u0219i Ungaria. Sistemul rezist\u0103, dar are mai multe riscuri de siguran\u021ba.<\/p>\n<ol start=\"2\">\n<li><strong><em> Impact major asupra pie\u021bei<\/em><\/strong><\/li>\n<\/ol>\n<p>Dac\u0103 dispar \u0219i exporturile comerciale:<\/p>\n<ul>\n<li>Ucraina trebuie s\u0103 redistribuie importul a 160 GWh\/lun\u0103.<\/li>\n<li>Costul mediu al importurilor cresc \u00een regiune, deci inclusiv \u00een Rom\u00e2nia.<\/li>\n<li>Volatilitatea orar\u0103 se accentueaz\u0103.<\/li>\n<li>Riscul de deconect\u0103ri programate devine mai mare.<\/li>\n<\/ul>\n<ol start=\"3\">\n<li><strong><em> Escalad\u0103 regional\u0103<\/em><\/strong><\/li>\n<\/ol>\n<p>\u00cen februarie 2026, <strong>Slovacia \u0219i Ungaria au furnizat \u00eempreun\u0103 circa 68% din energia importat\u0103 de Ucraina<\/strong>. Dac\u0103 ambele reduc fluxurile, presiunea se mut\u0103 masiv pe Rom\u00e2nia \u0219i Polonia. Atunci vorbim despre o problem\u0103 sistemic\u0103, nu punctual\u0103.<\/p>\n<p>&nbsp;<\/p>\n<p><strong>Rom\u00e2nia este un furnizor mediu de energie electric\u0103 pentru Ucraina<\/strong><\/p>\n<p><strong>Rom\u00e2nia asigur\u0103 aproximativ 17% din importurile Ucrainei<\/strong>. Dac\u0103 ar prelua 25\u201350% din \u201egolul slovac\u201d, ar \u00eensemna 40\u201380 GWh suplimentari pe lun\u0103.<\/p>\n<p>Ca medie, nu este dramatic. Ca efect marginal \u00een orele de sear\u0103, este foarte relevant.<\/p>\n<p>\u00centr-o pia\u021b\u0103 precum RO PZU (pia\u021ba pentru ziua urm\u0103toare), 100 MW suplimentari \u00een <strong>intervalul 18:00\u201322:00 pot \u00eensemna 3\u20134% din cererea marginal\u0103 orar\u0103<\/strong>. \u00cen sistemele energetice, pre\u021bul este decis de unitate marginal\u0103. Acolo <strong>diferen\u021bele sunt de cca. 10 \u2013 25 \u20ac\/MWh \u00eentre dou\u0103 trepte de produc\u021bie<\/strong>.<\/p>\n<p>Nu e un \u0219oc. Dar suficient pentru a muta pragurile psihologice ale pre\u021bului \u00een pia\u021b\u0103.<\/p>\n<p>&nbsp;<\/p>\n<p><strong>De ce face Slovacia acest pas?<\/strong><\/p>\n<p>Pentru Bratislava, energia este instrument de negociere. Conducta Druzhba alimenta Slovacia \u0219i Ungaria cu \u021bi\u021bei rusesc. Oprirea tranzitului prin Ucraina love\u0219te direct \u00een securitatea lor energetic\u0103.<\/p>\n<p>Mesajul este simplu: <strong>dac\u0103 noi suferim pe petrol, voi sim\u021bi\u021bi pe electricitate.<\/strong><\/p>\n<p>Este o form\u0103 de presiune \u00eentr-un cadru european unde deciziile se iau prin consens, iar Ungaria \u0219i Slovacia pot bloca dosarele sensibile pentru Kiev.<\/p>\n<p>&nbsp;<\/p>\n<p><strong>Energia nu mai este doar economie<\/strong><\/p>\n<p>Aceast\u0103 decizie arat\u0103 trei lucruri esen\u021biale:<\/p>\n<ol>\n<li>Interconectarea energetic\u0103 este vulnerabilitate geopolitic\u0103. Ceea ce a fost construit pentru integrare devine instrument de presiune.<\/li>\n<li>Pia\u021ba liber\u0103 func\u021bioneaz\u0103 p\u00e2n\u0103 la limita interesului politic. \u00cen momentul \u00een care energia devine moned\u0103 de schimb, logica economic\u0103 cedeaz\u0103.<\/li>\n<li>Ucraina r\u0103m\u00e2ne dependent\u0103 structural de importuri. At\u00e2t timp c\u00e2t infrastructura sa este \u021bint\u0103 militar\u0103, securitatea energetic\u0103 este o problem\u0103 zilnic\u0103, nu teoretic\u0103.<\/li>\n<\/ol>\n<p>&nbsp;<\/p>\n<p>Pe termen scurt, Ucraina va compensa. <strong>Pe termen mediu, costurile vor cre\u0219te.<\/strong><br \/>\nPe termen lung, episodul consolideaz\u0103 o realitate incomod\u0103, \u00een <strong>Europa, energia nu mai este doar o marf\u0103 \u2014 este o arm\u0103 diplomatic\u0103.<\/strong><\/p>\n<p>Iar c\u00e2nd electricitatea devine p\u00e2rghie politic\u0103, fiecare megawatt cap\u0103t\u0103 greutate strategic\u0103. Tocmai de accea <strong>Rom\u00e2nia trebuie s\u0103 \u0219i foloseasc\u0103 singurul atuu pe care \u00eel are \u00een politica european\u0103 \u2013 energia<\/strong>.<\/p>\n<p>Rom\u00e2nia <strong>nu are multe atuuri strategice comparabile cu marile state europene<\/strong>. Nu avem o industrie major\u0103 de armament. Nu avem o armat\u0103 etalon. Nu suntem un centru financiar global. Dar avem energie. Iar energia este a doua cea mai important\u0103 component\u0103 a securit\u0103\u021bii europene, imediat dup\u0103 componenta militar\u0103.<\/p>\n<p>\u00centr-un moment \u00een care Europa caut\u0103 alternative stabile \u0219i predictibile, Rom\u00e2nia poate trece de la statutul de beneficiar de securitate la cel de furnizor de securitate. Dar pentru aceasta trebuie ac\u021biune.<\/p>\n<p>Altfel, Rom\u00e2nia poate pierde o oportunitate strategic\u0103 major\u0103 de a-\u0219i consolida pozi\u021bia ca actor influent \u00een cadrul Uniunii Europene. <strong>Dac\u0103 Rom\u00e2nia rateaz\u0103 acest deceniu, resursele vor fi prinse exclsuiv \u00een contracte comerciale, iar \u021bara va r\u0103m\u00e2ne un actor periferic \u00eentr-o regiune unde al\u021bii \u00ee\u0219i vor asuma roluri de coordonare.<\/strong><\/p>\n<p>&nbsp;<\/p>\n<p>&nbsp;<\/p>\n<p><strong>Dumitru Chis\u0103li\u021b\u0103<\/strong><\/p>\n<p><strong>Pre\u0219edinte AEI<\/strong><\/p>\n<p>&nbsp;<\/p>\n","protected":false},"excerpt":{"rendered":"<p>Energia ca arm\u0103 &#8211; Slovacia apas\u0103 pe \u00eentrerup\u0103tor, Ucraina simte presiunea Pe 23 februarie 2026, guvernul de la Bratislava, condus de Robert Fico, a decis s\u0103 opreasc\u0103 livr\u0103rile de \u201eenergie de urgen\u021b\u0103\u201d c\u0103tre Ucraina. Oficial, gestul este un r\u0103spuns la blocajele legat de petrolul rusesc care tranziteaz\u0103 Ucraina prin conducta Druzhba. \u00cen realitate, decizia are&#8230;<\/p>\n","protected":false},"author":1,"featured_media":13748,"comment_status":"open","ping_status":"open","sticky":false,"template":"","format":"standard","meta":{"footnotes":""},"categories":[13],"tags":[],"class_list":["post-13747","post","type-post","status-publish","format-standard","has-post-thumbnail","hentry","category-comunicate"],"_links":{"self":[{"href":"https:\/\/obiectiv-valcean.ro\/index.php\/wp-json\/wp\/v2\/posts\/13747","targetHints":{"allow":["GET"]}}],"collection":[{"href":"https:\/\/obiectiv-valcean.ro\/index.php\/wp-json\/wp\/v2\/posts"}],"about":[{"href":"https:\/\/obiectiv-valcean.ro\/index.php\/wp-json\/wp\/v2\/types\/post"}],"author":[{"embeddable":true,"href":"https:\/\/obiectiv-valcean.ro\/index.php\/wp-json\/wp\/v2\/users\/1"}],"replies":[{"embeddable":true,"href":"https:\/\/obiectiv-valcean.ro\/index.php\/wp-json\/wp\/v2\/comments?post=13747"}],"version-history":[{"count":1,"href":"https:\/\/obiectiv-valcean.ro\/index.php\/wp-json\/wp\/v2\/posts\/13747\/revisions"}],"predecessor-version":[{"id":13749,"href":"https:\/\/obiectiv-valcean.ro\/index.php\/wp-json\/wp\/v2\/posts\/13747\/revisions\/13749"}],"wp:featuredmedia":[{"embeddable":true,"href":"https:\/\/obiectiv-valcean.ro\/index.php\/wp-json\/wp\/v2\/media\/13748"}],"wp:attachment":[{"href":"https:\/\/obiectiv-valcean.ro\/index.php\/wp-json\/wp\/v2\/media?parent=13747"}],"wp:term":[{"taxonomy":"category","embeddable":true,"href":"https:\/\/obiectiv-valcean.ro\/index.php\/wp-json\/wp\/v2\/categories?post=13747"},{"taxonomy":"post_tag","embeddable":true,"href":"https:\/\/obiectiv-valcean.ro\/index.php\/wp-json\/wp\/v2\/tags?post=13747"}],"curies":[{"name":"wp","href":"https:\/\/api.w.org\/{rel}","templated":true}]}}