{"id":13741,"date":"2026-02-09T07:10:10","date_gmt":"2026-02-09T07:10:10","guid":{"rendered":"https:\/\/obiectiv-valcean.ro\/?p=13741"},"modified":"2026-02-09T07:12:40","modified_gmt":"2026-02-09T07:12:40","slug":"romania-campioana-scumpirilor-de-ce-risca-2026-sa-fie-mai-rau-decat-2025","status":"publish","type":"post","link":"https:\/\/obiectiv-valcean.ro\/index.php\/2026\/02\/09\/romania-campioana-scumpirilor-de-ce-risca-2026-sa-fie-mai-rau-decat-2025\/","title":{"rendered":"Rom\u00e2nia, campioana scumpirilor. De ce risc\u0103 2026 s\u0103 fie mai r\u0103u dec\u00e2t 2025?"},"content":{"rendered":"<p>Datele nu mai las\u0103 loc de interpret\u0103ri optimiste. Conform celor mai recente statistici ale Eurostat privind infla\u021bia alimentar\u0103 din Uniunea European\u0103, <strong>Rom\u00e2nia sa situat \u00een 2025 pe primul loc la cre\u0219terea pre\u021burilor la alimente<\/strong>. \u00cen timp ce media european\u0103 a fost de 2,8%, Rom\u00e2nia a \u00eenregistrat o cre\u0219tere de 6,7% \u2014 <strong>de peste dou\u0103 ori mai mare dec\u00e2t media UE<\/strong> \u0219i cea mai ridicat\u0103 rata dintre toate statele.<\/p>\n<p><img loading=\"lazy\" decoding=\"async\" class=\"alignnone size-medium wp-image-13742\" src=\"https:\/\/obiectiv-valcean.ro\/wp-content\/uploads\/2026\/02\/1-230x300.jpg\" alt=\"\" width=\"230\" height=\"300\" srcset=\"https:\/\/obiectiv-valcean.ro\/wp-content\/uploads\/2026\/02\/1-230x300.jpg 230w, https:\/\/obiectiv-valcean.ro\/wp-content\/uploads\/2026\/02\/1.jpg 632w\" sizes=\"auto, (max-width: 230px) 100vw, 230px\" \/><\/p>\n<p>Aceast\u0103 performan\u021b\u0103 nedorit\u0103 nu este un accident conjunctural, este rezultatul unei combina\u021bii de politici publice, vulnerabilit\u0103\u021bi structurale \u0219i decizii am\u00e2nate. Iar semnalele pentru 2026 indic\u0103 nu o corec\u021bie, ci un risc real de agravare.<\/p>\n<p><strong>Decizia stabilirii pre\u021bului administrativ la gaze va ajunge \u00een farfurie \u00een 2026<\/strong><\/p>\n<p>Inten\u021bia Guvernului de a introduce un pre\u021b administrativ la gaze pentru popula\u021bie creeaz\u0103 un mecanism economic bine cunoscut: costurile care nu vor mai fi pl\u0103tite de consumatorii casnici vor fi inevitabil transferate spre industrie. A\u0219a cum arat\u0103 analizele realizate de Asocia\u021bia Energia Inteligent\u0103 (<a href=\"https:\/\/asociatiaenergiainteligenta.ro\/de-la-plafonare-la-pret-administrat-efecte-economice-ale-unei-tranzitii-gresite\/\">Impactul \u201dpretului administrat\u201d<\/a>\u00a0 \/ <a href=\"https:\/\/asociatiaenergiainteligenta.ro\/analiza-romania-taxeaza-viitorul-sau-de-ce-totul-este-scump-nu-exista-relansare-industriala-fara-energie-ieftina\/\">Analiza ponderii costului cu energia in alimente<\/a>), acest tip de interven\u021bie nu elimin\u0103 costurile, ci le redistribuie, cu efecte directe asupra pre\u021burilor finale ale bunurilor de larg consum.<\/p>\n<p>Estim\u0103rile indic\u0103 o posibil\u0103 cre\u0219tere a pre\u021bului gazelor pentru industrie p\u00e2n\u0103 la 15% fa\u021b\u0103 de nivelul din 2025. \u00centr-o economie \u00een care sectorul alimentar este puternic dependent de energie, o asemenea evolu\u021bie nu poate r\u0103m\u00e2ne f\u0103r\u0103 consecin\u021be. Costurile suplimentare se vor reg\u0103si, inevitabil, \u00een pre\u021bul alimentelor, cu un impact mediu estimat de aproximativ 5% doar din aceast\u0103 component\u0103.<\/p>\n<p>Prognozele disponibile (Banca Central\u0103 European\u0103) arat\u0103 o temperare a infla\u021biei \u00een zona euro, unde rata total\u0103 este a\u0219teptat\u0103 s\u0103 scad\u0103 <strong>spre 1,6\u20132,0%<\/strong>, iar <strong>infla\u021bia alimentar\u0103 s\u0103 se situeze \u00een jurul valorilor de 2,4\u20132,7%<\/strong>. Energia, \u00een ansamblu, ar putea avea chiar un impact neutru sau negativ asupra infla\u021biei europene.<\/p>\n<p><img loading=\"lazy\" decoding=\"async\" class=\"alignnone size-medium wp-image-13743\" src=\"https:\/\/obiectiv-valcean.ro\/wp-content\/uploads\/2026\/02\/2-300x217.png\" alt=\"\" width=\"300\" height=\"217\" srcset=\"https:\/\/obiectiv-valcean.ro\/wp-content\/uploads\/2026\/02\/2-300x217.png 300w, https:\/\/obiectiv-valcean.ro\/wp-content\/uploads\/2026\/02\/2-768x557.png 768w, https:\/\/obiectiv-valcean.ro\/wp-content\/uploads\/2026\/02\/2.png 770w\" sizes=\"auto, (max-width: 300px) 100vw, 300px\" \/><\/p>\n<p>Rom\u00e2nia \u00eens\u0103 porne\u0219te dintr-o pozi\u021bie mult mai fragil\u0103. Dup\u0103 o infla\u021bie total\u0103 de 8,6% \u00een 2025, Banca Na\u021bional\u0103 a Rom\u00e2niei anticipeaz\u0103 o sc\u0103dere \u00een 2026, cu o rata general\u0103 \u00een jur de 3,7% la final de an. Aceast\u0103 valoare mascheaz\u0103 \u00eens\u0103 diferen\u021be majore \u00eentre componentele infla\u021biei. Alimentele r\u0103m\u00e2n extrem de sensibile la costurile energetice, iar o reducere rapid\u0103 este pu\u021bin probabil\u0103.<\/p>\n<p>Gazul natural \u0219i energia electric\u0103 se reflect\u0103 \u00een pre\u021bul alimentelor prin trei canale esen\u021biale: procesarea industrial\u0103 (cuptoare, abur, \u00eenc\u0103lzire), transportul \u0219i depozitarea (lan\u021buri frigorifice, logistic\u0103) \u0219i inputurile agricole (\u00eengr\u0103\u0219\u0103minte, \u00eenc\u0103lzirea serelor, uscarea cerealelor). Atunci c\u00e2nd unul dintre aceste canale este afectat, efectul se multiplic\u0103 pe \u00eentreg lan\u021bul de produc\u021bie.<\/p>\n<p>\u00cen acest context, o estimare a AEI arat\u0103 c\u0103 infla\u021bia alimentelor \u00een Rom\u00e2nia \u00een 2026, \u00eentr-un scenariu cu gazele pentru industrie mai scumpe cu 15%, ar putea ajunge la <strong>cca. 7,5\u20139,0%<\/strong>. Cu alte cuvinte, exist\u0103 \u0219anse ca anul 2026 s\u0103 aduc\u0103 o infla\u021bie alimentar\u0103 chiar mai ridicat\u0103 dec\u00e2t cea din 2025.<\/p>\n<p><strong>Diferen\u021ba infla\u021biei alimentelor \u00een Rom\u00e2nia, fa\u021b\u0103 de Uniunea European\u0103 ar deveni astfel \u0219i mai pronun\u021bat\u0103, de la un raport de 2,39 ori peste media din UE \u00een 2025, Rom\u00e2nia ar putea ajunge la 3,1\u20133,3 ori peste media european\u0103 \u00een 2026.<\/strong> Nu vorbim doar despre o problem\u0103 de pre\u021buri, ci despre o problem\u0103 de competitivitate economic\u0103, echitate social\u0103 \u0219i coeren\u021b\u0103 a politicilor.<\/p>\n<p>Dac\u0103 hrana este una dintre cele mai sensibile componente ale nivelului de trai, atunci infla\u021bia alimentar\u0103 nu mai poate fi tratat\u0103 ca un indicator secundar. \u00cen lipsa unor decizii care s\u0103 \u021bin\u0103 cont de efecte \u00een lan\u021b ale interven\u021biilor administrative, Rom\u00e2nia risc\u0103 s\u0103 r\u0103m\u00e2n\u0103 nu doar campioana politici scumpirilor, ci \u0219i exemplul clar al modului \u00een care costurile ascunselor gre\u0219ite ajung, inevitabil, \u00een farfuria consumatorului.<\/p>\n<p><strong>\u00a0<\/strong><\/p>\n<p><strong>\u00a0<\/strong><\/p>\n<p><strong>Dumitru Chis\u0103li\u021b\u0103<\/strong><\/p>\n<p><strong>Pre\u0219edinte AEI<\/strong><\/p>\n<p><strong>\u00a0<\/strong><\/p>\n","protected":false},"excerpt":{"rendered":"<p>Datele nu mai las\u0103 loc de interpret\u0103ri optimiste. Conform celor mai recente statistici ale Eurostat privind infla\u021bia alimentar\u0103 din Uniunea European\u0103, Rom\u00e2nia sa situat \u00een 2025 pe primul loc la cre\u0219terea pre\u021burilor la alimente. \u00cen timp ce media european\u0103 a fost de 2,8%, Rom\u00e2nia a \u00eenregistrat o cre\u0219tere de 6,7% \u2014 de peste dou\u0103 ori&#8230;<\/p>\n","protected":false},"author":1,"featured_media":13746,"comment_status":"open","ping_status":"open","sticky":false,"template":"","format":"standard","meta":{"footnotes":""},"categories":[13,1],"tags":[],"class_list":["post-13741","post","type-post","status-publish","format-standard","has-post-thumbnail","hentry","category-comunicate","category-fara-categorie"],"_links":{"self":[{"href":"https:\/\/obiectiv-valcean.ro\/index.php\/wp-json\/wp\/v2\/posts\/13741","targetHints":{"allow":["GET"]}}],"collection":[{"href":"https:\/\/obiectiv-valcean.ro\/index.php\/wp-json\/wp\/v2\/posts"}],"about":[{"href":"https:\/\/obiectiv-valcean.ro\/index.php\/wp-json\/wp\/v2\/types\/post"}],"author":[{"embeddable":true,"href":"https:\/\/obiectiv-valcean.ro\/index.php\/wp-json\/wp\/v2\/users\/1"}],"replies":[{"embeddable":true,"href":"https:\/\/obiectiv-valcean.ro\/index.php\/wp-json\/wp\/v2\/comments?post=13741"}],"version-history":[{"count":1,"href":"https:\/\/obiectiv-valcean.ro\/index.php\/wp-json\/wp\/v2\/posts\/13741\/revisions"}],"predecessor-version":[{"id":13744,"href":"https:\/\/obiectiv-valcean.ro\/index.php\/wp-json\/wp\/v2\/posts\/13741\/revisions\/13744"}],"wp:featuredmedia":[{"embeddable":true,"href":"https:\/\/obiectiv-valcean.ro\/index.php\/wp-json\/wp\/v2\/media\/13746"}],"wp:attachment":[{"href":"https:\/\/obiectiv-valcean.ro\/index.php\/wp-json\/wp\/v2\/media?parent=13741"}],"wp:term":[{"taxonomy":"category","embeddable":true,"href":"https:\/\/obiectiv-valcean.ro\/index.php\/wp-json\/wp\/v2\/categories?post=13741"},{"taxonomy":"post_tag","embeddable":true,"href":"https:\/\/obiectiv-valcean.ro\/index.php\/wp-json\/wp\/v2\/tags?post=13741"}],"curies":[{"name":"wp","href":"https:\/\/api.w.org\/{rel}","templated":true}]}}