{"id":13739,"date":"2026-01-28T13:25:00","date_gmt":"2026-01-28T13:25:00","guid":{"rendered":"https:\/\/obiectiv-valcean.ro\/?p=13739"},"modified":"2026-01-28T13:25:00","modified_gmt":"2026-01-28T13:25:00","slug":"primarul-marcel-radi-continua-modernizarea-infrastructurii-de-baza-in-pausesti-maglasi","status":"publish","type":"post","link":"https:\/\/obiectiv-valcean.ro\/index.php\/2026\/01\/28\/primarul-marcel-radi-continua-modernizarea-infrastructurii-de-baza-in-pausesti-maglasi\/","title":{"rendered":"Primarul Marcel Radi continu\u0103 modernizarea infrastructurii de baz\u0103 \u00een P\u0103u\u0219e\u0219ti M\u0103gla\u0219i"},"content":{"rendered":"<p>Modernizarea infrastructurii de baz\u0103 din comuna P\u0103u\u0219e\u0219ti M\u0103gla\u0219i este \u00een plin proces de modernizare, Primarul Marcel Radi este preocupat\u00a0 \u0219i are \u00een aten\u021bie toate sectoarele care presupun dezvoltarea localit\u0103\u021bii. A extins re\u021beaua de energie electric\u0103, are proiecte \u0219i pentru extinderea de gaze, ap\u0103, canal, asta pentru ca s-au tot construit\u00a0 case, iar proprietarii au nevoie de utilit\u0103\u021bi.<\/p>\n<p>Totodat\u0103, primarul Radi a luat la pas toate drumurile pentru a identifica capetele de drumuri ramase neasfaltate, astfel reie\u0219ind un num\u0103r de 28 de uli\u021be, pentru care edilul caut\u0103 solu\u021bii pentru modernizarea acestora.<\/p>\n<p>De asemenea, Radi a depus proiect \u0219i pentru modernizarea sediiilor Remizei PSI \u0219i fostei Po\u0219te, spa\u021biu in care func\u021bioneaz\u0103 un CAR, cl\u0103diri ce sunt \u00een administrarea prim\u0103riei, aceste proiecte derul\u00e2ndu-se tot cu fonduri europene.<\/p>\n<p>A\u0219adar, pentru anul \u00een curs vor continua investi\u021biile \u00een extinderi de re\u021bele gaze, asfalt, canal, apa \u0219i energie electric\u0103.<\/p>\n<p>Claudia POPA<\/p>\n","protected":false},"excerpt":{"rendered":"<p>Modernizarea infrastructurii de baz\u0103 din comuna P\u0103u\u0219e\u0219ti M\u0103gla\u0219i este \u00een plin proces de modernizare, Primarul Marcel Radi este preocupat\u00a0 \u0219i are \u00een aten\u021bie toate sectoarele care presupun dezvoltarea localit\u0103\u021bii. A extins re\u021beaua de energie electric\u0103, are proiecte \u0219i pentru extinderea de gaze, ap\u0103, canal, asta pentru ca s-au tot construit\u00a0 case, iar proprietarii au nevoie&#8230;<\/p>\n","protected":false},"author":1,"featured_media":1069,"comment_status":"open","ping_status":"open","sticky":false,"template":"","format":"standard","meta":{"footnotes":""},"categories":[2],"tags":[],"class_list":["post-13739","post","type-post","status-publish","format-standard","has-post-thumbnail","hentry","category-administratie"],"_links":{"self":[{"href":"https:\/\/obiectiv-valcean.ro\/index.php\/wp-json\/wp\/v2\/posts\/13739","targetHints":{"allow":["GET"]}}],"collection":[{"href":"https:\/\/obiectiv-valcean.ro\/index.php\/wp-json\/wp\/v2\/posts"}],"about":[{"href":"https:\/\/obiectiv-valcean.ro\/index.php\/wp-json\/wp\/v2\/types\/post"}],"author":[{"embeddable":true,"href":"https:\/\/obiectiv-valcean.ro\/index.php\/wp-json\/wp\/v2\/users\/1"}],"replies":[{"embeddable":true,"href":"https:\/\/obiectiv-valcean.ro\/index.php\/wp-json\/wp\/v2\/comments?post=13739"}],"version-history":[{"count":1,"href":"https:\/\/obiectiv-valcean.ro\/index.php\/wp-json\/wp\/v2\/posts\/13739\/revisions"}],"predecessor-version":[{"id":13740,"href":"https:\/\/obiectiv-valcean.ro\/index.php\/wp-json\/wp\/v2\/posts\/13739\/revisions\/13740"}],"wp:featuredmedia":[{"embeddable":true,"href":"https:\/\/obiectiv-valcean.ro\/index.php\/wp-json\/wp\/v2\/media\/1069"}],"wp:attachment":[{"href":"https:\/\/obiectiv-valcean.ro\/index.php\/wp-json\/wp\/v2\/media?parent=13739"}],"wp:term":[{"taxonomy":"category","embeddable":true,"href":"https:\/\/obiectiv-valcean.ro\/index.php\/wp-json\/wp\/v2\/categories?post=13739"},{"taxonomy":"post_tag","embeddable":true,"href":"https:\/\/obiectiv-valcean.ro\/index.php\/wp-json\/wp\/v2\/tags?post=13739"}],"curies":[{"name":"wp","href":"https:\/\/api.w.org\/{rel}","templated":true}]}}