{"id":13736,"date":"2026-01-28T12:40:31","date_gmt":"2026-01-28T12:40:31","guid":{"rendered":"https:\/\/obiectiv-valcean.ro\/?p=13736"},"modified":"2026-01-28T12:40:31","modified_gmt":"2026-01-28T12:40:31","slug":"la-stanesti-cu-fonduri-europene-se-va-implementa-un-sistem-de-supraveghere-video","status":"publish","type":"post","link":"https:\/\/obiectiv-valcean.ro\/index.php\/2026\/01\/28\/la-stanesti-cu-fonduri-europene-se-va-implementa-un-sistem-de-supraveghere-video\/","title":{"rendered":"La St\u0103ne\u0219ti, cu fonduri europene, se va implementa un sistem de supraveghere video"},"content":{"rendered":"<p>La finele anului 2025, primarul Mugurel Bu\u0219e a reu\u0219it \u0219i a asigurat \u00eenc\u0103lzirea \u0219colii gimnaziale cu ajutorul panourilor fotovoltaice , \u201dAcum \u0219coala este asigurat\u0103 energetic \u0219i suntem \u00een curs de \u00eenfiin\u021bare parc fotovoltaic \u0219i pentru asigurarea \u0219i reducerea costurilor cu iluminatul public \u0219i a institu\u021biilor de pe raza comunei St\u0103ne\u0219ti. Prin Grupul de Ac\u021biune Locala, cu fonduri europene vom imlementa si proiectul de montare a unui sistem de supra veghere video, sistem ce cuprinde circa 32 de camere video, in toat\u0103 localitatea.\u201d, spune edilul.<\/p>\n<p>Alte proiecte la care lucreaz\u0103 Mugurel Buse vizeaz\u0103 reabilitarea unor cl\u0103diri de la \u0219coal\u0103 \u0219i achizi\u021bionarea unei vidaje pentru necesarul localit\u0103\u021bii.<\/p>\n<p>Claudia POPA<\/p>\n","protected":false},"excerpt":{"rendered":"<p>La finele anului 2025, primarul Mugurel Bu\u0219e a reu\u0219it \u0219i a asigurat \u00eenc\u0103lzirea \u0219colii gimnaziale cu ajutorul panourilor fotovoltaice , \u201dAcum \u0219coala este asigurat\u0103 energetic \u0219i suntem \u00een curs de \u00eenfiin\u021bare parc fotovoltaic \u0219i pentru asigurarea \u0219i reducerea costurilor cu iluminatul public \u0219i a institu\u021biilor de pe raza comunei St\u0103ne\u0219ti. Prin Grupul de Ac\u021biune Locala,&#8230;<\/p>\n","protected":false},"author":1,"featured_media":13737,"comment_status":"open","ping_status":"open","sticky":false,"template":"","format":"standard","meta":{"footnotes":""},"categories":[2],"tags":[],"class_list":["post-13736","post","type-post","status-publish","format-standard","has-post-thumbnail","hentry","category-administratie"],"_links":{"self":[{"href":"https:\/\/obiectiv-valcean.ro\/index.php\/wp-json\/wp\/v2\/posts\/13736","targetHints":{"allow":["GET"]}}],"collection":[{"href":"https:\/\/obiectiv-valcean.ro\/index.php\/wp-json\/wp\/v2\/posts"}],"about":[{"href":"https:\/\/obiectiv-valcean.ro\/index.php\/wp-json\/wp\/v2\/types\/post"}],"author":[{"embeddable":true,"href":"https:\/\/obiectiv-valcean.ro\/index.php\/wp-json\/wp\/v2\/users\/1"}],"replies":[{"embeddable":true,"href":"https:\/\/obiectiv-valcean.ro\/index.php\/wp-json\/wp\/v2\/comments?post=13736"}],"version-history":[{"count":1,"href":"https:\/\/obiectiv-valcean.ro\/index.php\/wp-json\/wp\/v2\/posts\/13736\/revisions"}],"predecessor-version":[{"id":13738,"href":"https:\/\/obiectiv-valcean.ro\/index.php\/wp-json\/wp\/v2\/posts\/13736\/revisions\/13738"}],"wp:featuredmedia":[{"embeddable":true,"href":"https:\/\/obiectiv-valcean.ro\/index.php\/wp-json\/wp\/v2\/media\/13737"}],"wp:attachment":[{"href":"https:\/\/obiectiv-valcean.ro\/index.php\/wp-json\/wp\/v2\/media?parent=13736"}],"wp:term":[{"taxonomy":"category","embeddable":true,"href":"https:\/\/obiectiv-valcean.ro\/index.php\/wp-json\/wp\/v2\/categories?post=13736"},{"taxonomy":"post_tag","embeddable":true,"href":"https:\/\/obiectiv-valcean.ro\/index.php\/wp-json\/wp\/v2\/tags?post=13736"}],"curies":[{"name":"wp","href":"https:\/\/api.w.org\/{rel}","templated":true}]}}