{"id":13734,"date":"2026-01-28T12:26:20","date_gmt":"2026-01-28T12:26:20","guid":{"rendered":"https:\/\/obiectiv-valcean.ro\/?p=13734"},"modified":"2026-01-28T12:26:20","modified_gmt":"2026-01-28T12:26:20","slug":"primarul-ion-nicolae-continua-si-in-2026-modernizarea-comunei-caineni","status":"publish","type":"post","link":"https:\/\/obiectiv-valcean.ro\/index.php\/2026\/01\/28\/primarul-ion-nicolae-continua-si-in-2026-modernizarea-comunei-caineni\/","title":{"rendered":"Primarul Ion Nicolae continu\u0103 \u0219i in 2026 modernizarea comunei C\u00e2ineni"},"content":{"rendered":"<p>Localitatea C\u00e2ineni s-a dezvoltat foarte mult \u00een ultimii ani datorit\u0103 proiectelor implementate de administra\u021bia local\u0103, iar interesul primarului Ion Nicolae este din ce in ce mai mare pentru a ridica standardele de trai \u0219i confort pentru comunitatea pe care o p\u0103store\u0219te.<\/p>\n<p>Intr-o discu\u021bie despre proiectele comunei, edilul a relatat c\u0103 se preg\u0103te\u0219te pentru \u00eenfiin\u021barea unui parc fotovoltaic care s\u0103 asigure costurile energetice ale comunei \u0219i concomitent, modernizarea ultimei \u0219coli din localitate. \u201dEste vorba de \u0219coala din satul Greble\u0219ti, ultima care trebuie modernizat\u0103, restul \u0219colilor func\u021bioneaz\u0103 dup\u0103 standarde europene, iar copii \u0219i cadrele didactice au condi\u021bii extraordinare. Tot \u00een Greble\u0219ti, fosta gr\u0103dini\u021b\u0103 o transform\u0103m \u00een centrul socio-cultural. Bioblioteca digital\u0103, un muzeu cu expozi\u021bii permanente \u0219i un centru social.\u00a0 Anul acesta se implementeaz\u0103 proiectul social care vizeaz\u0103 150 de persoane, ajutor, asisten\u021ba medical\u0103, mas\u0103 s\u0103n\u0103toas\u0103, sunt persoane care fac parte din categorii defavorizate. A\u0219tept\u0103m noi m\u0103suri pentru a accesa noi proiecte europene.\u201d, a spus primarul Ion Nicolae.<\/p>\n<p>Claudia POPA<\/p>\n","protected":false},"excerpt":{"rendered":"<p>Localitatea C\u00e2ineni s-a dezvoltat foarte mult \u00een ultimii ani datorit\u0103 proiectelor implementate de administra\u021bia local\u0103, iar interesul primarului Ion Nicolae este din ce in ce mai mare pentru a ridica standardele de trai \u0219i confort pentru comunitatea pe care o p\u0103store\u0219te. Intr-o discu\u021bie despre proiectele comunei, edilul a relatat c\u0103 se preg\u0103te\u0219te pentru \u00eenfiin\u021barea unui&#8230;<\/p>\n","protected":false},"author":1,"featured_media":1516,"comment_status":"open","ping_status":"open","sticky":false,"template":"","format":"standard","meta":{"footnotes":""},"categories":[2],"tags":[],"class_list":["post-13734","post","type-post","status-publish","format-standard","has-post-thumbnail","hentry","category-administratie"],"_links":{"self":[{"href":"https:\/\/obiectiv-valcean.ro\/index.php\/wp-json\/wp\/v2\/posts\/13734","targetHints":{"allow":["GET"]}}],"collection":[{"href":"https:\/\/obiectiv-valcean.ro\/index.php\/wp-json\/wp\/v2\/posts"}],"about":[{"href":"https:\/\/obiectiv-valcean.ro\/index.php\/wp-json\/wp\/v2\/types\/post"}],"author":[{"embeddable":true,"href":"https:\/\/obiectiv-valcean.ro\/index.php\/wp-json\/wp\/v2\/users\/1"}],"replies":[{"embeddable":true,"href":"https:\/\/obiectiv-valcean.ro\/index.php\/wp-json\/wp\/v2\/comments?post=13734"}],"version-history":[{"count":1,"href":"https:\/\/obiectiv-valcean.ro\/index.php\/wp-json\/wp\/v2\/posts\/13734\/revisions"}],"predecessor-version":[{"id":13735,"href":"https:\/\/obiectiv-valcean.ro\/index.php\/wp-json\/wp\/v2\/posts\/13734\/revisions\/13735"}],"wp:featuredmedia":[{"embeddable":true,"href":"https:\/\/obiectiv-valcean.ro\/index.php\/wp-json\/wp\/v2\/media\/1516"}],"wp:attachment":[{"href":"https:\/\/obiectiv-valcean.ro\/index.php\/wp-json\/wp\/v2\/media?parent=13734"}],"wp:term":[{"taxonomy":"category","embeddable":true,"href":"https:\/\/obiectiv-valcean.ro\/index.php\/wp-json\/wp\/v2\/categories?post=13734"},{"taxonomy":"post_tag","embeddable":true,"href":"https:\/\/obiectiv-valcean.ro\/index.php\/wp-json\/wp\/v2\/tags?post=13734"}],"curies":[{"name":"wp","href":"https:\/\/api.w.org\/{rel}","templated":true}]}}