{"id":13719,"date":"2025-12-10T07:09:45","date_gmt":"2025-12-10T07:09:45","guid":{"rendered":"https:\/\/obiectiv-valcean.ro\/?p=13719"},"modified":"2025-12-10T07:09:45","modified_gmt":"2025-12-10T07:09:45","slug":"caineni-nu-este-un-loc-in-care-doar-treci-este-un-loc-in-care-vrei-sa-si-ramai","status":"publish","type":"post","link":"https:\/\/obiectiv-valcean.ro\/index.php\/2025\/12\/10\/caineni-nu-este-un-loc-in-care-doar-treci-este-un-loc-in-care-vrei-sa-si-ramai\/","title":{"rendered":"C\u00e2ineni nu este un loc \u00een care doar treci. Este un loc \u00een care vrei s\u0103 \u0219i r\u0103m\u00e2i"},"content":{"rendered":"<p>Sub administrarea primarului Ion Nicolae, comunitatea beneficiaz\u0103 de o serie de investi\u0163ii majore\u00a0 care schimb\u0103 treptat via\u021ba locuitorilor. Potrivit administra\u0163iei, lucr\u0103rile deja \u00eencepute \u015fi finan\u0163\u0103rile atrase sunt menite s\u0103 schimbe fundamental via\u021ba la sat: acces la utilit\u0103\u021bi moderne (ap\u0103, canal, iluminat electric), condi\u021bii decente pentru educa\u021bie \u0219i via\u021b\u0103 social\u0103, infrastructur\u0103 civil\u0103 adaptat\u0103 nevoilor actuale, dar \u0219i facilit\u0103\u021bi pentru turism \u0219i dezvoltare imobiliar\u0103.<\/p>\n<p data-start=\"4784\" data-end=\"5178\">Transform\u0103rile de azi respectiv: ap\u0103, canal, iluminat, educa\u021bie, infrastructur\u0103 \u2014 nu sunt doar lucr\u0103ri, ci funda\u0163ia pentru o comunitate care nu vrea s\u0103 r\u0103m\u00e2n\u0103 blocat\u0103 \u00een paradigma rural\u0103 tradi\u021bional\u0103. Ion Nicolae vrea o comun\u0103 modern\u0103, cu standarde decente, oportunit\u0103\u021bi pentru tinere talente, infrastructur\u0103 bun\u0103 \u0219i un mediu de via\u0163\u0103 care merit\u0103 respectul locuitorilor. Iar acest lucru presupune \u0219i atragerea de investitori si dezvoltarea turismului, mai ales c\u0103 relieful o impune. Acesta a determinat un tip specific de a\u0219ezare: sate risipite pe culmi \u0219i \u00een v\u0103i, cu gospod\u0103rii tradi\u021bionale. Acest peisaj rural autentic este un atu puternic pentru agroturism sau turism gastronomic \u00a0\u00een \u021aara Lovi\u0219tei, deoarece exista tradi\u021bii locale bine conservate \u0219i o arhitectur\u0103 rustic\u0103 ce merit\u0103 promovat\u0103.<\/p>\n<p data-start=\"4784\" data-end=\"5178\">A\u0219adar, comuna\u00a0C\u00e2ineni nu este un loc \u00een care doar treci. Este un loc \u00een care vrei s\u0103 \u0219i r\u0103m\u00e2i. \u0218i asta pentru c\u0103 \u00eenc\u0103 se p\u0103streaz\u0103 farmecul satului rom\u00e2nesc curat cu case tradi\u021bionale \u0219i oameni primitori \u0219i calzi.<\/p>\n<p data-start=\"4784\" data-end=\"5178\">Claudia POPA<\/p>\n<p data-start=\"5180\" data-end=\"5373\">\n","protected":false},"excerpt":{"rendered":"<p>Sub administrarea primarului Ion Nicolae, comunitatea beneficiaz\u0103 de o serie de investi\u0163ii majore\u00a0 care schimb\u0103 treptat via\u021ba locuitorilor. Potrivit administra\u0163iei, lucr\u0103rile deja \u00eencepute \u015fi finan\u0163\u0103rile atrase sunt menite s\u0103 schimbe fundamental via\u021ba la sat: acces la utilit\u0103\u021bi moderne (ap\u0103, canal, iluminat electric), condi\u021bii decente pentru educa\u021bie \u0219i via\u021b\u0103 social\u0103, infrastructur\u0103 civil\u0103 adaptat\u0103 nevoilor actuale, dar&#8230;<\/p>\n","protected":false},"author":1,"featured_media":1156,"comment_status":"open","ping_status":"open","sticky":false,"template":"","format":"standard","meta":{"footnotes":""},"categories":[3,2],"tags":[],"class_list":["post-13719","post","type-post","status-publish","format-standard","has-post-thumbnail","hentry","category-actualitate","category-administratie"],"_links":{"self":[{"href":"https:\/\/obiectiv-valcean.ro\/index.php\/wp-json\/wp\/v2\/posts\/13719","targetHints":{"allow":["GET"]}}],"collection":[{"href":"https:\/\/obiectiv-valcean.ro\/index.php\/wp-json\/wp\/v2\/posts"}],"about":[{"href":"https:\/\/obiectiv-valcean.ro\/index.php\/wp-json\/wp\/v2\/types\/post"}],"author":[{"embeddable":true,"href":"https:\/\/obiectiv-valcean.ro\/index.php\/wp-json\/wp\/v2\/users\/1"}],"replies":[{"embeddable":true,"href":"https:\/\/obiectiv-valcean.ro\/index.php\/wp-json\/wp\/v2\/comments?post=13719"}],"version-history":[{"count":1,"href":"https:\/\/obiectiv-valcean.ro\/index.php\/wp-json\/wp\/v2\/posts\/13719\/revisions"}],"predecessor-version":[{"id":13720,"href":"https:\/\/obiectiv-valcean.ro\/index.php\/wp-json\/wp\/v2\/posts\/13719\/revisions\/13720"}],"wp:featuredmedia":[{"embeddable":true,"href":"https:\/\/obiectiv-valcean.ro\/index.php\/wp-json\/wp\/v2\/media\/1156"}],"wp:attachment":[{"href":"https:\/\/obiectiv-valcean.ro\/index.php\/wp-json\/wp\/v2\/media?parent=13719"}],"wp:term":[{"taxonomy":"category","embeddable":true,"href":"https:\/\/obiectiv-valcean.ro\/index.php\/wp-json\/wp\/v2\/categories?post=13719"},{"taxonomy":"post_tag","embeddable":true,"href":"https:\/\/obiectiv-valcean.ro\/index.php\/wp-json\/wp\/v2\/tags?post=13719"}],"curies":[{"name":"wp","href":"https:\/\/api.w.org\/{rel}","templated":true}]}}