{"id":13716,"date":"2025-12-10T06:52:43","date_gmt":"2025-12-10T06:52:43","guid":{"rendered":"https:\/\/obiectiv-valcean.ro\/?p=13716"},"modified":"2025-12-10T06:52:43","modified_gmt":"2025-12-10T06:52:43","slug":"danicei-comuna-care-se-reinventeaza","status":"publish","type":"post","link":"https:\/\/obiectiv-valcean.ro\/index.php\/2025\/12\/10\/danicei-comuna-care-se-reinventeaza\/","title":{"rendered":"D\u0103nicei, comuna care se reinventeaz\u0103"},"content":{"rendered":"<p data-start=\"122\" data-end=\"591\">Comuna D\u0103nicei este una dintre cele mai mari ca \u00eentindere din jude\u021bul V\u00e2lcea \u0219i totodat\u0103 izolat\u0103, afl\u00e2ndu-se la limita cu jude\u021bele Arge\u0219 si OltO localitate odat\u0103 izolat\u0103, cu drumuri grele \u0219i utilit\u0103\u021bi limitate, s-a modernizat de-a lungul anilor, implement\u00e2ndu-se investi\u021bii consistente \u00een infrastructur\u0103, educa\u021bie, utilit\u0103\u021bi \u0219i energie verde. \u0218i toate acestea pentru c\u0103 primarul Dumitru Pirneci \u00eempreun\u0103 cu\u00a0 administra\u021bia local\u0103 mizeaz\u0103 pe un obiectiv ambi\u021bios respectiv ridicarea standardului de via\u021b\u0103 a comunit\u0103\u021bii.<\/p>\n<p data-start=\"122\" data-end=\"591\">Drumuri care au fost, ani la r\u00e2nd, greu accesibile, ast\u0103zi sunt asfaltate, re\u021belele de ap\u0103 \u0219i canalizare se extind etapizat, ajung\u00e2nd la o mare parte din gospod\u0103rii. Pentru o comun\u0103 cu 13 sate \u00eempr\u0103\u0219tiate pe dealuri \u0219i v\u0103i, fiecare kilometru de conduct\u0103 \u0219i asfalt ori pun\u021bi \u0219i poduri, este un pas uria\u0219 spre civiliza\u021bie.<\/p>\n<p data-start=\"4597\" data-end=\"4849\">A\u0219adar, proiectele pentru utilit\u0103\u021bi, drumuri, energie verde, \u0219coli noi, gaze naturale \u2013 toate transform\u0103 treptat comuna \u00eentr-un spa\u021biu rural modern, accesibil \u0219i prietenos pentru genera\u021biile viitoare. Administra\u021bia local\u0103 declar\u0103 deschis c\u0103 \u201d&#8230;scopul nostru este s\u0103 facem din D\u0103nicei o comun\u0103 \u00een care oamenii s\u0103 se \u00eentoarc\u0103 si s\u0103 convie\u021buiasc\u0103 \u00een lini\u0219te\u201d<\/p>\n<p data-start=\"5036\" data-end=\"5172\">Dac\u0103 ritmul actual se men\u021bine, comuna are poten\u021bialul de a deveni un model pentru multe alte localit\u0103\u021bi rurale din jude\u021b \u0219i din Rom\u00e2nia.<\/p>\n<p data-start=\"5036\" data-end=\"5172\">Claudia POPA<\/p>\n","protected":false},"excerpt":{"rendered":"<p>Comuna D\u0103nicei este una dintre cele mai mari ca \u00eentindere din jude\u021bul V\u00e2lcea \u0219i totodat\u0103 izolat\u0103, afl\u00e2ndu-se la limita cu jude\u021bele Arge\u0219 si OltO localitate odat\u0103 izolat\u0103, cu drumuri grele \u0219i utilit\u0103\u021bi limitate, s-a modernizat de-a lungul anilor, implement\u00e2ndu-se investi\u021bii consistente \u00een infrastructur\u0103, educa\u021bie, utilit\u0103\u021bi \u0219i energie verde. \u0218i toate acestea pentru c\u0103 primarul Dumitru&#8230;<\/p>\n","protected":false},"author":1,"featured_media":13717,"comment_status":"open","ping_status":"open","sticky":false,"template":"","format":"standard","meta":{"footnotes":""},"categories":[2],"tags":[],"class_list":["post-13716","post","type-post","status-publish","format-standard","has-post-thumbnail","hentry","category-administratie"],"_links":{"self":[{"href":"https:\/\/obiectiv-valcean.ro\/index.php\/wp-json\/wp\/v2\/posts\/13716","targetHints":{"allow":["GET"]}}],"collection":[{"href":"https:\/\/obiectiv-valcean.ro\/index.php\/wp-json\/wp\/v2\/posts"}],"about":[{"href":"https:\/\/obiectiv-valcean.ro\/index.php\/wp-json\/wp\/v2\/types\/post"}],"author":[{"embeddable":true,"href":"https:\/\/obiectiv-valcean.ro\/index.php\/wp-json\/wp\/v2\/users\/1"}],"replies":[{"embeddable":true,"href":"https:\/\/obiectiv-valcean.ro\/index.php\/wp-json\/wp\/v2\/comments?post=13716"}],"version-history":[{"count":1,"href":"https:\/\/obiectiv-valcean.ro\/index.php\/wp-json\/wp\/v2\/posts\/13716\/revisions"}],"predecessor-version":[{"id":13718,"href":"https:\/\/obiectiv-valcean.ro\/index.php\/wp-json\/wp\/v2\/posts\/13716\/revisions\/13718"}],"wp:featuredmedia":[{"embeddable":true,"href":"https:\/\/obiectiv-valcean.ro\/index.php\/wp-json\/wp\/v2\/media\/13717"}],"wp:attachment":[{"href":"https:\/\/obiectiv-valcean.ro\/index.php\/wp-json\/wp\/v2\/media?parent=13716"}],"wp:term":[{"taxonomy":"category","embeddable":true,"href":"https:\/\/obiectiv-valcean.ro\/index.php\/wp-json\/wp\/v2\/categories?post=13716"},{"taxonomy":"post_tag","embeddable":true,"href":"https:\/\/obiectiv-valcean.ro\/index.php\/wp-json\/wp\/v2\/tags?post=13716"}],"curies":[{"name":"wp","href":"https:\/\/api.w.org\/{rel}","templated":true}]}}