{"id":13713,"date":"2025-12-10T06:32:59","date_gmt":"2025-12-10T06:32:59","guid":{"rendered":"https:\/\/obiectiv-valcean.ro\/?p=13713"},"modified":"2025-12-10T06:32:59","modified_gmt":"2025-12-10T06:32:59","slug":"comuna-otesani-are-un-mare-potential-de-dezvoltare","status":"publish","type":"post","link":"https:\/\/obiectiv-valcean.ro\/index.php\/2025\/12\/10\/comuna-otesani-are-un-mare-potential-de-dezvoltare\/","title":{"rendered":"Comuna Ote\u0219ani are un mare poten\u021bial de dezvoltare"},"content":{"rendered":"<p data-start=\"2895\" data-end=\"3154\">Comuna Ote\u0219ani a devenit \u00een ultimul timp c\u0103utat\u0103 de cei care vor o cas\u0103 la \u021bar\u0103. Infrastructura de baz\u0103 respectiv alimentarea cu ap\u0103 \u0219i construirea re\u021belei de canalizare, asfaltarea drumurilor, iluminat public, etc a fost pus\u0103 la punct de primarul Mircea Opri\u0219or, iar acest lucru arat\u0103 o schimbare: comuna nu mai este doar o localitate cu popula\u021bie local\u0103, ci devine atractiv\u0103 pentru tinere familii, din unele ora\u0219e care caut\u0103 lini\u0219te \u0219i relaxare.<\/p>\n<p data-start=\"4623\" data-end=\"4819\">Edilul spune c\u0103 \u201ddac\u0103 infrastructura continu\u0103 s\u0103 se \u00eembun\u0103t\u0103\u021beasc\u0103 Ote\u0219ani are \u0219ansa s\u0103 devin\u0103 o alternativ\u0103 atractiv\u0103 de locuit pentru cei ce doresc s\u0103 se mute din ora\u0219. Valorificarea peisajelor, reliefului \u0219i patrimoniului natural ar putea sprijini dezvoltarea agroturismului sau turismului rural, cu poten\u021bial de venituri \u0219i revitalizare economic\u0103. Dac\u0103 se reu\u0219e\u0219te atragerea de investi\u021bii \u2014 private sau publice \u2014 \u0219i crearea de locuri de munc\u0103 locale, comuna poate \u00eencetini sau inversa declinul demografic.\u201d<\/p>\n<p data-start=\"5169\" data-end=\"5376\">\u00cen final, Ote\u0219ani ar putea deveni un model de \u201ccomun\u0103 rural\u0103 modern\u0103\u201d \u2014 combin\u00e2nd autenticitate, natur\u0103 \u0219i modernitate \u2014 atractiv\u0103 nu doar pentru localnici, ci \u0219i pentru cei ce caut\u0103 un trai diferit de ora\u0219.<\/p>\n<p data-start=\"3424\" data-end=\"3662\">Claudia POPA<\/p>\n","protected":false},"excerpt":{"rendered":"<p>Comuna Ote\u0219ani a devenit \u00een ultimul timp c\u0103utat\u0103 de cei care vor o cas\u0103 la \u021bar\u0103. Infrastructura de baz\u0103 respectiv alimentarea cu ap\u0103 \u0219i construirea re\u021belei de canalizare, asfaltarea drumurilor, iluminat public, etc a fost pus\u0103 la punct de primarul Mircea Opri\u0219or, iar acest lucru arat\u0103 o schimbare: comuna nu mai este doar o localitate&#8230;<\/p>\n","protected":false},"author":1,"featured_media":13714,"comment_status":"open","ping_status":"open","sticky":false,"template":"","format":"standard","meta":{"footnotes":""},"categories":[2],"tags":[],"class_list":["post-13713","post","type-post","status-publish","format-standard","has-post-thumbnail","hentry","category-administratie"],"_links":{"self":[{"href":"https:\/\/obiectiv-valcean.ro\/index.php\/wp-json\/wp\/v2\/posts\/13713","targetHints":{"allow":["GET"]}}],"collection":[{"href":"https:\/\/obiectiv-valcean.ro\/index.php\/wp-json\/wp\/v2\/posts"}],"about":[{"href":"https:\/\/obiectiv-valcean.ro\/index.php\/wp-json\/wp\/v2\/types\/post"}],"author":[{"embeddable":true,"href":"https:\/\/obiectiv-valcean.ro\/index.php\/wp-json\/wp\/v2\/users\/1"}],"replies":[{"embeddable":true,"href":"https:\/\/obiectiv-valcean.ro\/index.php\/wp-json\/wp\/v2\/comments?post=13713"}],"version-history":[{"count":1,"href":"https:\/\/obiectiv-valcean.ro\/index.php\/wp-json\/wp\/v2\/posts\/13713\/revisions"}],"predecessor-version":[{"id":13715,"href":"https:\/\/obiectiv-valcean.ro\/index.php\/wp-json\/wp\/v2\/posts\/13713\/revisions\/13715"}],"wp:featuredmedia":[{"embeddable":true,"href":"https:\/\/obiectiv-valcean.ro\/index.php\/wp-json\/wp\/v2\/media\/13714"}],"wp:attachment":[{"href":"https:\/\/obiectiv-valcean.ro\/index.php\/wp-json\/wp\/v2\/media?parent=13713"}],"wp:term":[{"taxonomy":"category","embeddable":true,"href":"https:\/\/obiectiv-valcean.ro\/index.php\/wp-json\/wp\/v2\/categories?post=13713"},{"taxonomy":"post_tag","embeddable":true,"href":"https:\/\/obiectiv-valcean.ro\/index.php\/wp-json\/wp\/v2\/tags?post=13713"}],"curies":[{"name":"wp","href":"https:\/\/api.w.org\/{rel}","templated":true}]}}