{"id":13710,"date":"2025-12-10T06:12:42","date_gmt":"2025-12-10T06:12:42","guid":{"rendered":"https:\/\/obiectiv-valcean.ro\/?p=13710"},"modified":"2025-12-10T06:12:42","modified_gmt":"2025-12-10T06:12:42","slug":"pausesti-maglasi-incheie-anul-cu-realizari","status":"publish","type":"post","link":"https:\/\/obiectiv-valcean.ro\/index.php\/2025\/12\/10\/pausesti-maglasi-incheie-anul-cu-realizari\/","title":{"rendered":"P\u0103u\u0219e\u0219ti M\u0103gla\u0219i \u00eencheie anul cu realiz\u0103ri"},"content":{"rendered":"<p>Marcel Radi, primarul comunei P\u0103u\u0219e\u0219ti M\u0103gla\u0219i, spune c\u0103 anul 2025 a fost unul mul\u021bumitor \u00een ciuda faptului c\u0103 Guvernul a restric\u021bionat unele finan\u021b\u0103ri, dar cu toate acestea, \u00een localitate s-a muncit, s-au continuat investi\u021biile. S-a asfaltat, extins re\u021bea gaze, dar \u0219i re\u021bea de energie electric\u0103. Toate acestea sunt investi\u021bii foarte importante care aduc plus valoare condi\u021biilor de trai pentru popula\u021bie.<\/p>\n<p>De asemenea, s-a finalizat baza sportiv\u0103, iar la \u0219coal\u0103 se lucreaz\u0103 la modernizare. Edilul precizeaz\u0103 faptul c\u0103, \u00een apropierea s\u0103rb\u0103torilor de iarn\u0103, to\u021bi copiii vor primi daruri de la Mos Cr\u0103ciun.<\/p>\n<p data-start=\"4381\" data-end=\"4758\">P\u0103u\u0219e\u0219ti-M\u0103gla\u0219i este un exemplu de comun\u0103 care, printr-o combina\u021bie de istorie, identitate, apropiere de ora\u0219, infrastructur\u0103 \u0219i viziune de dezvoltare \u2014 reu\u0219e\u0219te s\u0103 se reinventeze. \u00cen loc s\u0103 r\u0103m\u00e2n\u0103 \u201crural\u0103-izolat\u0103\u201d, s-a transformat \u00eentr-o alternativ\u0103 atractiv\u0103 de locuit pentru cei ce vor s\u0103 fie aproape de R\u00e2mnicu V\u00e2lcea, dar s\u0103 tr\u0103iasc\u0103 \u00een mediul lini\u0219tit al unei comune.<\/p>\n<p data-start=\"4760\" data-end=\"5030\">Progresele realizate respectiv infrastructur\u0103 complet\u0103, utilit\u0103\u021bi, terenuri accesibile, investi\u021bii economice \u0219i reziden\u021biale, fac din P\u0103u\u0219e\u0219ti-M\u0103gla\u0219i o localitate cu poten\u021bial real de cre\u0219tere, nu doar numeric, dar \u0219i calitativ, un model de comun\u0103 modern\u0103.<\/p>\n<p data-start=\"4760\" data-end=\"5030\">Claudia POPA<\/p>\n","protected":false},"excerpt":{"rendered":"<p>Marcel Radi, primarul comunei P\u0103u\u0219e\u0219ti M\u0103gla\u0219i, spune c\u0103 anul 2025 a fost unul mul\u021bumitor \u00een ciuda faptului c\u0103 Guvernul a restric\u021bionat unele finan\u021b\u0103ri, dar cu toate acestea, \u00een localitate s-a muncit, s-au continuat investi\u021biile. S-a asfaltat, extins re\u021bea gaze, dar \u0219i re\u021bea de energie electric\u0103. Toate acestea sunt investi\u021bii foarte importante care aduc plus valoare&#8230;<\/p>\n","protected":false},"author":1,"featured_media":13711,"comment_status":"open","ping_status":"open","sticky":false,"template":"","format":"standard","meta":{"footnotes":""},"categories":[2],"tags":[],"class_list":["post-13710","post","type-post","status-publish","format-standard","has-post-thumbnail","hentry","category-administratie"],"_links":{"self":[{"href":"https:\/\/obiectiv-valcean.ro\/index.php\/wp-json\/wp\/v2\/posts\/13710","targetHints":{"allow":["GET"]}}],"collection":[{"href":"https:\/\/obiectiv-valcean.ro\/index.php\/wp-json\/wp\/v2\/posts"}],"about":[{"href":"https:\/\/obiectiv-valcean.ro\/index.php\/wp-json\/wp\/v2\/types\/post"}],"author":[{"embeddable":true,"href":"https:\/\/obiectiv-valcean.ro\/index.php\/wp-json\/wp\/v2\/users\/1"}],"replies":[{"embeddable":true,"href":"https:\/\/obiectiv-valcean.ro\/index.php\/wp-json\/wp\/v2\/comments?post=13710"}],"version-history":[{"count":1,"href":"https:\/\/obiectiv-valcean.ro\/index.php\/wp-json\/wp\/v2\/posts\/13710\/revisions"}],"predecessor-version":[{"id":13712,"href":"https:\/\/obiectiv-valcean.ro\/index.php\/wp-json\/wp\/v2\/posts\/13710\/revisions\/13712"}],"wp:featuredmedia":[{"embeddable":true,"href":"https:\/\/obiectiv-valcean.ro\/index.php\/wp-json\/wp\/v2\/media\/13711"}],"wp:attachment":[{"href":"https:\/\/obiectiv-valcean.ro\/index.php\/wp-json\/wp\/v2\/media?parent=13710"}],"wp:term":[{"taxonomy":"category","embeddable":true,"href":"https:\/\/obiectiv-valcean.ro\/index.php\/wp-json\/wp\/v2\/categories?post=13710"},{"taxonomy":"post_tag","embeddable":true,"href":"https:\/\/obiectiv-valcean.ro\/index.php\/wp-json\/wp\/v2\/tags?post=13710"}],"curies":[{"name":"wp","href":"https:\/\/api.w.org\/{rel}","templated":true}]}}