{"id":13707,"date":"2025-12-05T15:57:40","date_gmt":"2025-12-05T15:57:40","guid":{"rendered":"https:\/\/obiectiv-valcean.ro\/?p=13707"},"modified":"2025-12-05T15:57:40","modified_gmt":"2025-12-05T15:57:40","slug":"divergenta-dintre-date-si-discurs-scumpirile-la-gaze-un-risc-real-sau-fabricat","status":"publish","type":"post","link":"https:\/\/obiectiv-valcean.ro\/index.php\/2025\/12\/05\/divergenta-dintre-date-si-discurs-scumpirile-la-gaze-un-risc-real-sau-fabricat\/","title":{"rendered":"Divergen\u021ba dintre date \u0219i discurs: scumpirile la gaze, un risc real sau fabricat?"},"content":{"rendered":"<p>BNR \u0219i Consiliul Fiscal semnaleaz\u0103 riscul unei cre\u0219teri a pre\u021bului la gaze deoarece, \u00een lipsa plafon\u0103rii, pre\u021burile se formeaz\u0103 liber, iar anumite condi\u021bii \u2013 precum volatilitatea cota\u021biilor europene \u00een situa\u021bii de criz\u0103 sau introducerea unor noi taxe \u2013 pot genera presiuni infla\u021bioniste chiar dac\u0103, \u00een prezent, ofertele furnizorilor tind s\u0103 se alinieze la plafon.<\/p>\n<p>Daniel D\u0103ianu, pre\u0219edintele Consiliului Fiscal, solicit\u0103 men\u021binerea plafon\u0103rii pre\u021bului la gaze naturale \u0219i dup\u0103 31 martie 2026 \u2014 adic\u0103 s\u0103 nu se liberalizeze pia\u021ba gazelor la data prev\u0103zut\u0103 \u2014 pentru a evita o eventual\u0103 cre\u0219tere semnificativ\u0103 a infla\u021biei.<\/p>\n<p>Acesta spune c\u0103 Rom\u00e2nia se confrunt\u0103 deja cu un deficit bugetar mare, iar infla\u021bia \u201eie\u0219it\u0103 din comun\u201d, combinat\u0103 cu pre\u021buri dereglementate brusc, ar face dificil\u0103 reducerea dob\u00e2nzilor de politic\u0103 monetar\u0103 \u2014 ceea ce afecteaz\u0103 costurile de creditare \u0219i \u00eentreaga economie. La r\u00e2ndul ei BNR a avertizat c\u0103 expirarea plafon\u0103rii (adic\u0103 liberalizarea pie\u021bei gazelor) ar putea reprezenta un \u201emoment de cotitur\u0103\u201d pentru infla\u021bie \u2014 adic\u0103 ar putea opri tendin\u021ba de sc\u0103dere a infla\u021biei.<\/p>\n<p>Exist\u0103 analize care i-au \u00een considerarea cre\u0219terea pre\u021bului gazelor \u00een dou\u0103 scenarii cu 30%, care ar aduce o cre\u0219etere suplimentar\u0103 a infla\u021biei 1,8% (adic\u0103 o infla\u021bie \u00een anul 2026 de cca 7,8%) \u0219i 60%, care ar aduce o cre\u0219etere suplimentar\u0103 a infla\u021biei 3,6% (adic\u0103 o infla\u021bie \u00een anul 2026 de cca 9,6%).<\/p>\n<p>Zilele trecute AFFER ne anun\u021ba c\u0103 urmeaz\u0103 cre\u0219terea pre\u021burilor cu 6%. Ministerul Energiei anun\u021b\u0103 \u201d<em>Autorit\u0103\u021bile rom\u00e2ne negociaz\u0103 \u00eens\u0103 cu reprezentan\u021bii Comisiei Europene introducerea unui nou mecanism de protec\u021bie pentru consumatorii casnici \u0219i acordarea unor ajutoare de stat pentru consumatorii industriali.<\/em>\u201d<\/p>\n<p>Totu\u0219i, men\u021bionarea unui posibil risc de cre\u0219tere poate fi alimentat\u0103 de \u00eencercare unor actori din pia\u021b\u0103 sau din zona decizional\u0103 <strong><u>de a crea un cadru narativ favorabil major\u0103rii pre\u021burilor \u00een viitor<\/u><\/strong>. \u00centr-o pia\u021b\u0103 aflat\u0103 \u00een tranzi\u021bie \u0219i relativ nepreg\u0103tit\u0103 pentru liberalizare, asemenea semnale pot <strong><u>func\u021biona ca mecanism de influen\u021b\u0103 a a\u0219tept\u0103rilor publice \u0219i ale furnizorilor<\/u><\/strong>, chiar dac\u0103 nu sunt sus\u021binute de realit\u0103\u021bi economice.<\/p>\n<p>\u00cen acest sens, diferen\u021ba dintre estim\u0103rile bazate pe date \u2013 care arat\u0103 men\u021binerea pre\u021burilor la nivelul actual \u2013 \u0219i avertismentele generale privind cre\u0219terea cre\u0219terii pre\u021burilor mai degrab\u0103 un <strong>acord \u00eentre fundament \u0219i percep\u021bie<\/strong> , dec\u00e2t o anticipare real\u0103 a unei scumpiri. Prin urmare, f\u0103r\u0103 existen\u021b\u0103 unor factori economici concre\u021bi, semnalele de risc pot fi interpretate ca o \u00eencercare de a preg\u0103ti terenul pentru justificarea unor eventuale major\u0103ri, nu ca o evolu\u021bie inevitabil\u0103 a pie\u021bei.<\/p>\n<p>&nbsp;<\/p>\n<p><strong>\u00centrebarea este de unde aceste cre\u0219teri ale pre\u021bului la gaze? <\/strong><\/p>\n<p>Vom estima evolu\u021bia pre\u021burilor gazelor naturale la consumatorul final. Pentru asta s-a considerat c\u0103 pre\u021bul gazului marf\u0103 este cel stabilit\u00a0 pe baza cota\u021biilor pre\u021burilor futures de pe TTF Olanda \u00een urm\u0103torii 2 ani, la care s-au adaugat tarifele, taxele \u0219i marja comercial\u0103 care s-au considerat c\u0103 vor r\u0103m\u00e2ne constante \u00een ultimii 2 ani (de asemenea s-a considerat c\u0103 nu vor fi alte influen\u021be: crize, conflicte etc.). \u00cen baza acestei estim\u0103ri pre\u021bul gazelor naturale la popula\u021bie ar trebui s\u0103 scad\u0103 cu 5% fa\u021b\u0103 de pre\u021bul plafonat \u00een anul 2026 \u0219i de 11% \u00een anul 2027.<\/p>\n<p>&nbsp;<\/p>\n<p><strong>Acest pre\u021b s-ar putea ob\u021bine doar \u00een situatia \u00een care ar exista o concuren\u021b\u0103 real\u0103 \u00een pia\u021b\u0103, at\u00e2t la nivelul consumatorului final c\u00e2t \u0219i la nivelul pien\u021bei engros. <\/strong><\/p>\n<p>Dar lipsa preg\u0103tirii liberiz\u0103rii pie\u021bei gazelor naturale de anul viitor nu va aduce aceast\u0103 concuren\u021b\u0103.<\/p>\n<p>\u00cen cadrul Barometrului Securit\u0103\u021bii Energetice relizat de INSCOP \u0219i prezentat \u00een octombrie 2025 se arat\u0103 c\u0103 <em>49,4% dintre cei chestiona\u021bi iau \u00een considerare posibilitatea de a-\u0219i schimba actualul furnizor de gaze naturale <\/em><em><u>numai <\/u><\/em><em><u>dac\u0103 vor primi o ofert\u0103 mai bun\u0103 din partea altui furnizor<\/u><\/em> (fa\u021b\u0103 de 38% \u00een iunie 2020 \u0219i 17.4% \u00een mai 2021), \u00een timp ce <em><u>27,8% resping aceast\u0103 posibilitate <\/u><\/em>(fa\u021b\u0103 de 27.9% \u00een iunie 2020, \u0219i 27.6% \u00een mai 2021). 21,6% declar\u0103 c\u0103 nu sunt conecta\u021bi la re\u021bea si nu \u0219tiu sau nu r\u0103spund 1,3%.<\/p>\n<p>Astfel, apreciem c\u0103 pre\u021bul gazelor care se va forma pe pia\u021ba gazelor naturale liberalizat\u0103, \u021bin\u00e2nd seama de aceast\u0103 realitate trist\u0103 a Rom\u00e2niei \u2013 <strong>lipsa preg\u0103tirii liberaliz\u0103rii de c\u0103tre institu\u021biile statului \u0219i<\/strong> <strong>lipsa implic\u0103rii consumatoriilor \u00een crearea concuren\u021bei<\/strong> &#8211; <strong>va aduce pre\u021bul gazelor marf\u0103 din Rom\u00e2nia peste pre\u021bul pie\u021bei din Europa<\/strong> \u0219i de asemenea <strong>va aduce marje comerciale mai mari dec\u00e2t \u00een prezent la furnizori<\/strong>, adic\u0103 va prezenta urm\u0103toarea tendin\u021b\u0103.<\/p>\n<p>Astfel, \u00een diversele ipoteze luate \u00een considerare nu se previzioneaz\u0103 o cre\u0219etere a pre\u021bului gazelor naturale peste nivelul pre\u021bului plafonat \u00een prezent al gazelor naturale.<\/p>\n<p>Analiz\u00e2nd ofertele de pe comparatorul de pre\u021buri al gazelor naturale al ANRE cu livrare de la 1 aprilie 2026, putem observa c\u0103 toate au aceea\u0219i valoare, aspect ce arat\u0103 din nou lipsa preg\u0103tirii liberaliz\u0103rii pie\u021bei, dar este \u0219i o validare a estim\u0103rii c\u0103 pre\u021burile gazelor naturale dup\u0103 plafonare nu vor fi mai mari dec\u00e2t pre\u021bul plafonat.<\/p>\n<p>De\u0219i estim\u0103rile tehnice \u0219i datele actuale din pia\u021ba gazelor naturale nu indic\u0103 presiuni reale de cre\u0219tere a pre\u021burilor dup\u0103 \u00eencetarea schemei de plafonare, discursul unor institu\u021bii macroeconomice BNR \u0219i Consiliul Fiscal poate reflecta mai degrab\u0103 o pruden\u021b\u0103 (bazat\u0103 pe statistica liberaliz\u0103rii precedente a pie\u021bei de gaze din Rom\u00e2nia), dec\u00e2t o analiz\u0103 bazat\u0103 pe condi\u021bii fundamentale. \u00cen lipsa unor factori obiectivi \u2013 cre\u0219terea costurilor de produc\u021bie, scumpirea importurilor, diminuarea ofertei sau modific\u0103ri fiscale semnificative \u2013 nu exist\u0103 justific\u0103ri economice clare care s\u0103 \u00eemping\u0103 pre\u021burile peste nivelul plafonat actual.<\/p>\n<p>\u00cen acest sens, diferen\u021ba dintre estim\u0103rile bazate pe date \u2013 care arat\u0103 men\u021binerea pre\u021burilor la nivelul actual \u2013 \u0219i avertismentele generale privind cre\u0219terea cre\u0219terii pre\u021burilor sunt mai degrab\u0103 un acord \u00eentre fundament \u0219i percep\u021bie, dec\u00e2t o anticipare real\u0103 a unei scumpiri.<\/p>\n<p>Totu\u0219i evolu\u021bia pre\u021bului aduce pierderi sau c\u00e2\u0219tiguri \u00een primul r\u00e2nd pentru stat:<\/p>\n<p>O sc\u0103dere cu 5% a pre\u021bului final al gazelor fa\u021b\u0103 de pre\u021bul plafonat, ar aduce o sc\u0103dere a veniturilor din TVA de cca 0,3 mil euro pentru \u00eentreg anul 2026 \u0219i ar aduce aproximativ acelea\u0219i venituri furnizorilor ca \u0219i \u00een anul 2025.<\/p>\n<p>O cre\u0219tete cu 5% a pre\u021bului gazelor fa\u021b\u0103 de pre\u021bul plafonat, ar aduce o sc\u0103dere a veniturilor din TVA de cca 0,4 mil euro pentru anul 2026 \u0219i ar aduce un c\u00e2\u0219tig suplimentar\u00a0 \u00a0furnizorilor de cca 0,2 mil euro fata de anul 2025.<\/p>\n<p>&nbsp;<\/p>\n<p>&nbsp;<\/p>\n<p>&nbsp;<\/p>\n","protected":false},"excerpt":{"rendered":"<p>BNR \u0219i Consiliul Fiscal semnaleaz\u0103 riscul unei cre\u0219teri a pre\u021bului la gaze deoarece, \u00een lipsa plafon\u0103rii, pre\u021burile se formeaz\u0103 liber, iar anumite condi\u021bii \u2013 precum volatilitatea cota\u021biilor europene \u00een situa\u021bii de criz\u0103 sau introducerea unor noi taxe \u2013 pot genera presiuni infla\u021bioniste chiar dac\u0103, \u00een prezent, ofertele furnizorilor tind s\u0103 se alinieze la plafon. Daniel&#8230;<\/p>\n","protected":false},"author":1,"featured_media":13708,"comment_status":"open","ping_status":"open","sticky":false,"template":"","format":"standard","meta":{"footnotes":""},"categories":[3,13],"tags":[],"class_list":["post-13707","post","type-post","status-publish","format-standard","has-post-thumbnail","hentry","category-actualitate","category-comunicate"],"_links":{"self":[{"href":"https:\/\/obiectiv-valcean.ro\/index.php\/wp-json\/wp\/v2\/posts\/13707","targetHints":{"allow":["GET"]}}],"collection":[{"href":"https:\/\/obiectiv-valcean.ro\/index.php\/wp-json\/wp\/v2\/posts"}],"about":[{"href":"https:\/\/obiectiv-valcean.ro\/index.php\/wp-json\/wp\/v2\/types\/post"}],"author":[{"embeddable":true,"href":"https:\/\/obiectiv-valcean.ro\/index.php\/wp-json\/wp\/v2\/users\/1"}],"replies":[{"embeddable":true,"href":"https:\/\/obiectiv-valcean.ro\/index.php\/wp-json\/wp\/v2\/comments?post=13707"}],"version-history":[{"count":1,"href":"https:\/\/obiectiv-valcean.ro\/index.php\/wp-json\/wp\/v2\/posts\/13707\/revisions"}],"predecessor-version":[{"id":13709,"href":"https:\/\/obiectiv-valcean.ro\/index.php\/wp-json\/wp\/v2\/posts\/13707\/revisions\/13709"}],"wp:featuredmedia":[{"embeddable":true,"href":"https:\/\/obiectiv-valcean.ro\/index.php\/wp-json\/wp\/v2\/media\/13708"}],"wp:attachment":[{"href":"https:\/\/obiectiv-valcean.ro\/index.php\/wp-json\/wp\/v2\/media?parent=13707"}],"wp:term":[{"taxonomy":"category","embeddable":true,"href":"https:\/\/obiectiv-valcean.ro\/index.php\/wp-json\/wp\/v2\/categories?post=13707"},{"taxonomy":"post_tag","embeddable":true,"href":"https:\/\/obiectiv-valcean.ro\/index.php\/wp-json\/wp\/v2\/tags?post=13707"}],"curies":[{"name":"wp","href":"https:\/\/api.w.org\/{rel}","templated":true}]}}