{"id":13701,"date":"2025-11-27T14:07:04","date_gmt":"2025-11-27T14:07:04","guid":{"rendered":"https:\/\/obiectiv-valcean.ro\/?p=13701"},"modified":"2025-11-27T14:07:04","modified_gmt":"2025-11-27T14:07:04","slug":"decembrie-plin-de-spectacole-la-teatrul-anton-pann","status":"publish","type":"post","link":"https:\/\/obiectiv-valcean.ro\/index.php\/2025\/11\/27\/decembrie-plin-de-spectacole-la-teatrul-anton-pann\/","title":{"rendered":"Decembrie, plin de spectacole la Teatrul Anton Pann"},"content":{"rendered":"<p>Luna decembrie aduce, ca \u00een fiecare an, un program special la Teatrul Anton Pann. Sub coordonarea managerului Octavian Costin, echipa teatrului a preg\u0103tit un calendar bogat, plin de spectacole pentru toate v\u00e2rstele, cu un accent deosebit pe magia s\u0103rb\u0103torilor de iarn\u0103. \u00cen fiecare zi, \u00een cele dou\u0103 s\u0103li ale teatrului, vor avea loc evenimente care \u00eei vor purta pe cei mici (\u0219i nu numai) \u00een lumea pove\u0219tilor de iarn\u0103: \u201dOmul de Z\u0103pad\u0103\u201d, \u201dIarna Pove\u0219tilor\u201d, \u201dO poveste de iarn\u0103\u201d, \u201dSelfie cu Mo\u0219 Cr\u0103ciun\u201d, \u201dSpectacol pentru Cr\u0103ciun\u201d, T\u00e2rguri de Cr\u0103ciun \u2013 toate vor contribui la atmosfera cald\u0103 \u0219i festiv\u0103 a lunii decembrie. \u00cen paralel, continu\u0103 spectacolele sec\u021biei dram\u0103, premierele \u0219i evenimentele g\u0103zduite de teatru.<\/p>\n<p>Primul eveniment al lunii are loc pe <strong>6 decembrie, ora 19.00<\/strong>, o sear\u0103 special\u0103 de <strong>folk \u0219i poezie<\/strong> &#8211; <strong>\u201eNoaptea de a fi om\u201d.<\/strong> Vor urca pe scen\u0103 nume reprezentative ale folkului rom\u00e2nesc: Magda Puskas, Cristian Buic\u0103, Emeric Imre, C\u0103t\u0103lin Stepa, Alexandra P\u0103unescu-\u0218erban, acompania\u021bi de Marius Roje (pian) \u0219i Rare\u0219 Suciu (chitar\u0103), \u00eentr-un concept poetic coordonat de Ana-Maria P\u0103unescu, fiica regretatului Adrian P\u0103unescu. Pe <strong>8 \u0219i 15 decembrie<\/strong>, cei mici, al\u0103turi de p\u0103rin\u021bi \u0219i bunici, sunt invita\u021bi la spectacolul <strong>\u201eCea mai mic\u0103 stea\u201d<\/strong>, inspirat de emo\u021bionanta poveste \u201eFeti\u021ba cu chibrituri\u201d.<\/p>\n<p>Spectacolul <strong>\u201eMoara cu noroc\u201d,<\/strong> o adaptare curajoas\u0103 \u0219i contemporan\u0103 dup\u0103 Slavici, regizat de Mateea Marin \u0219i Mariana Tofan, programat pentru reprezenta\u021bia din <strong>17 decembrie<\/strong>, este deja <strong>sold-out.<\/strong> \u00cen aceea\u0219i zi, de la ora 19:00, publicul este a\u0219teptat la spectacolul <strong>\u201eBatista Desdemonei<\/strong>\u201d.<\/p>\n<p><strong>Pe 19 decembrie, tot de la ora 19:00, are loc ultima premier\u0103 a anului: \u201eLumea lui Mitic\u0103\u201d \u2013 o comedie savuroas\u0103, perfect\u0103 pentru a \u00eencheia anul cu z\u00e2mbetul pe buze.<\/strong><\/p>\n<p>\u00cencheiem anul pe <strong>21 decembrie<\/strong> cu un eveniment dedicat s\u0103rb\u0103torilor de iarn\u0103 &#8211;<strong>\u201eSpectacol de Cr\u0103ciun\u201d <\/strong>\u2013 o sear\u0103 plin\u0103 de emo\u021bie \u0219i bucurie.<\/p>\n<p><em>Un decembrie plin, cu evenimente diverse, care confirm\u0103 \u00eenc\u0103 o dat\u0103 c\u0103 acolo unde exist\u0103 viziune, pasiune \u0219i continuitate, apar \u0219i rezultatele. Sub direc\u021bia managerului Octavian Cost\u00een, Teatrul Anton Pann devine un loc viu, unde se \u00eent\u00e2mpl\u0103 mereu ceva frumos. V\u0103 a\u0219tept\u0103m s\u0103 ne bucur\u0103m \u00eempreun\u0103 de magia teatrului \u00een luna s\u0103rb\u0103torilor de iarn\u0103!<\/em><\/p>\n","protected":false},"excerpt":{"rendered":"<p>Luna decembrie aduce, ca \u00een fiecare an, un program special la Teatrul Anton Pann. Sub coordonarea managerului Octavian Costin, echipa teatrului a preg\u0103tit un calendar bogat, plin de spectacole pentru toate v\u00e2rstele, cu un accent deosebit pe magia s\u0103rb\u0103torilor de iarn\u0103. \u00cen fiecare zi, \u00een cele dou\u0103 s\u0103li ale teatrului, vor avea loc evenimente care&#8230;<\/p>\n","protected":false},"author":1,"featured_media":13702,"comment_status":"open","ping_status":"open","sticky":false,"template":"","format":"standard","meta":{"footnotes":""},"categories":[13],"tags":[],"class_list":["post-13701","post","type-post","status-publish","format-standard","has-post-thumbnail","hentry","category-comunicate"],"_links":{"self":[{"href":"https:\/\/obiectiv-valcean.ro\/index.php\/wp-json\/wp\/v2\/posts\/13701","targetHints":{"allow":["GET"]}}],"collection":[{"href":"https:\/\/obiectiv-valcean.ro\/index.php\/wp-json\/wp\/v2\/posts"}],"about":[{"href":"https:\/\/obiectiv-valcean.ro\/index.php\/wp-json\/wp\/v2\/types\/post"}],"author":[{"embeddable":true,"href":"https:\/\/obiectiv-valcean.ro\/index.php\/wp-json\/wp\/v2\/users\/1"}],"replies":[{"embeddable":true,"href":"https:\/\/obiectiv-valcean.ro\/index.php\/wp-json\/wp\/v2\/comments?post=13701"}],"version-history":[{"count":1,"href":"https:\/\/obiectiv-valcean.ro\/index.php\/wp-json\/wp\/v2\/posts\/13701\/revisions"}],"predecessor-version":[{"id":13703,"href":"https:\/\/obiectiv-valcean.ro\/index.php\/wp-json\/wp\/v2\/posts\/13701\/revisions\/13703"}],"wp:featuredmedia":[{"embeddable":true,"href":"https:\/\/obiectiv-valcean.ro\/index.php\/wp-json\/wp\/v2\/media\/13702"}],"wp:attachment":[{"href":"https:\/\/obiectiv-valcean.ro\/index.php\/wp-json\/wp\/v2\/media?parent=13701"}],"wp:term":[{"taxonomy":"category","embeddable":true,"href":"https:\/\/obiectiv-valcean.ro\/index.php\/wp-json\/wp\/v2\/categories?post=13701"},{"taxonomy":"post_tag","embeddable":true,"href":"https:\/\/obiectiv-valcean.ro\/index.php\/wp-json\/wp\/v2\/tags?post=13701"}],"curies":[{"name":"wp","href":"https:\/\/api.w.org\/{rel}","templated":true}]}}