{"id":13696,"date":"2025-11-25T05:10:52","date_gmt":"2025-11-25T05:10:52","guid":{"rendered":"https:\/\/obiectiv-valcean.ro\/?p=13696"},"modified":"2025-11-25T05:12:25","modified_gmt":"2025-11-25T05:12:25","slug":"romania-lider-european-la-scumpiri-si-campioana-europeana-la-pretul-energiei-electrice-raportat-la-puterea-de-cumparare","status":"publish","type":"post","link":"https:\/\/obiectiv-valcean.ro\/index.php\/2025\/11\/25\/romania-lider-european-la-scumpiri-si-campioana-europeana-la-pretul-energiei-electrice-raportat-la-puterea-de-cumparare\/","title":{"rendered":"Rom\u00e2nia, lider european la scumpiri \u0219i campioan\u0103 european\u0103 la pre\u021bul energiei electrice raportat la puterea de cump\u0103rare"},"content":{"rendered":"<p>Pre\u021bul energiei electrice, este un indicator esen\u021bial al s\u0103n\u0103t\u0103\u021bii economice \u0219i al viitorului durabil al unei \u021b\u0103ri. El influen\u021beaz\u0103 direct costurile de produc\u021bie, nivelul de trai al popula\u021biei, competitivitatea industriei , dar \u0219i atractivitatea investi\u021bional\u0103 .<\/p>\n<p>Rom\u00e2nia a avut o cre\u0219tere semnificativ\u0103 a pre\u021bului energiei electrice fapt ce determin\u0103 infla\u021bie, sc\u0103derea puterii de cump\u0103rare, relocarea industriilor \u0219i accentuarea vulnerabilit\u0103\u021bilor sociale.<\/p>\n<p>Analiz\u00e2nd pre\u021burile energiei electrice cu toate taxele incluse \u00een \u021b\u0103rile din UE, la consumatorul casnic \u00een luna iulie 2025 constat\u0103m c\u0103 Rom\u00e2nia ocup\u0103 locul 1 \u00een r\u00e2ndul \u021b\u0103rilor din Europa, raportat la puterea de cump\u0103rare \u0219i are cea mai mare cre\u0219tere a pre\u021bului energiei electrice din \u00eentreaga Europ\u0103 \u00eentre lunile iunie \u2013 iulie 2025, fiind mai mult dec\u00e2t dubl\u0103 dec\u00e2t urm\u0103toarea cea mai mare cre\u0219tere de pre\u021b din Europa (Rom\u00e2nia ocup\u0103 \u00een luna iulie 2025, locul 10 la pre\u021bul energiei electrice pentru popula\u021bie neraportat la puterea de cump\u0103rare).<\/p>\n<p><img loading=\"lazy\" decoding=\"async\" class=\"alignnone size-medium wp-image-13699 alignright\" src=\"https:\/\/obiectiv-valcean.ro\/wp-content\/uploads\/2025\/11\/tabel-300x218.jpg\" alt=\"\" width=\"300\" height=\"218\" srcset=\"https:\/\/obiectiv-valcean.ro\/wp-content\/uploads\/2025\/11\/tabel-300x218.jpg 300w, https:\/\/obiectiv-valcean.ro\/wp-content\/uploads\/2025\/11\/tabel-768x558.jpg 768w, https:\/\/obiectiv-valcean.ro\/wp-content\/uploads\/2025\/11\/tabel.jpg 909w\" sizes=\"auto, (max-width: 300px) 100vw, 300px\" \/><\/p>\n<p>De\u0219i Rom\u00e2nia este pu\u021bin dependent\u0103 din punct de vedere energetic , av\u00e2nd resurse proprii de gaze naturale, hidroenergie \u0219i un mix echilibrat de surse (inclusiv nuclear \u0219i regenerabile), pre\u021burile energiei electrice sunt ridicate comparativ cu nivelul de venituri al popula\u021biei.<\/p>\n<p>\u00cen fapt \u00een luna iulie 2025 Rom\u00e2nia a \u00eenregistrat pentru popula\u021bie cel mai mare pre\u021b al energiei electrice raportat la puterea de cump\u0103rare din Europa.<\/p>\n<p>Rom\u00e2nia are un pre\u021b de 4 ori mai mare dec\u00e2t cel mai mic pre\u021b al energiei electrice raportat la puterea de cump\u0103rare care se g\u0103se\u0219te \u00een Ungaria.<\/p>\n<p>Aceast\u0103 situa\u021bie are mai multe cauze:<\/p>\n<ul>\n<li>Pia\u021ba energetic\u0103 european\u0103 \u2013 pre\u021bul energiei \u00een Rom\u00e2nia este influen\u021bat de evolu\u021biile pe pia\u021ba comun\u0103 european\u0103, unde cota\u021biile pot fi ridicate \u00een func\u021bie de, ofert\u0103 \u0219i pre\u021bul combustibililor fosili.<\/li>\n<li>Taxele \u0219i tarifele de transport\/distribu\u021bie \u2013 reprezint\u0103 jum\u0103tate din factura final\u0103 de energie electric\u0103, un nivel extrem de ridicat comparativ cu \u021b\u0103rile europene<\/li>\n<li>Lipsa investi\u021biilor \u00een infrastructur\u0103 \u2013 re\u021belele vechi, pierderile tehnologice \u0219i costurile de mentenan\u021b\u0103 se reflect\u0103 \u00een pre\u021bul final.<\/li>\n<li>Specula\u021biile \u0219i volatilitatea pie\u021bei \u2013 liberalizarea pie\u021bei, f\u0103r\u0103 consumatori preg\u0103ti\u021bi \u0219i f\u0103r\u0103 institu\u021bii care s\u0103 sanc\u021bioneze abaterile de pe pia\u021b\u0103, au permis fluctua\u021bii mari de pre\u021b.<\/li>\n<li>Tranzi\u021bia energetic\u0103 \u2013 investi\u021bii \u00een surse verzi, stocare, noi re\u021bele etc. de\u0219i necesare, presupun costuri ini\u021biale ridicate care se recupereaz\u0103 treptat prin tarife mai mari.<\/li>\n<\/ul>\n<p>\u00cen lipsa sc\u0103derii pre\u021bului la energie electric\u0103, Rom\u00e2nia risc\u0103 s\u0103 piard\u0103 competitivitatea economic\u0103 \u0219i s\u0103 accentueze inegalit\u0103\u021bile sociale. Costurile ridicate ale energiei afecteaz\u0103 direct industria, agricultura \u0219i serviciile, duc\u00e2nd la cre\u0219terea pre\u021burilor produselor \u0219i la sc\u0103derea puterii de cump\u0103rare a popula\u021biei. Totodat\u0103, firmele rom\u00e2ne\u0219ti devin tot mai pu\u021bin atractive pentru investi\u021biile str\u0103ine, fiind dezavantajate \u00een raport cu \u021b\u0103rile unde energia este mai ieftin\u0103 \u0219i mai stabil\u0103.<\/p>\n<p>Pe termen lung, pre\u021burile mari la energie vor fi o fr\u00e2n\u0103 \u00een dezvoltarea economic\u0103, genereaz\u0103 infla\u021bie \u0219i pot accentua migra\u021bia for\u021bei de munc\u0103, deoarece oamenii caut\u0103 condi\u021bii mai avantajoase \u00een alte state. \u00cen plus, lipsa unor m\u0103suri de protec\u021bie pentru consumatorii vulnerabili poate duce la cre\u0219terea s\u0103r\u0103ciei energetice, fenomen care afecteaz\u0103 deja multe gospod\u0103rii din mediul rural.<\/p>\n<p>&nbsp;<\/p>\n<p>&nbsp;<\/p>\n<p><strong>Dumitru Chis\u0103li\u021b\u0103<\/strong><\/p>\n<p><strong>Pre\u0219edintele AEI<\/strong><\/p>\n<p>&nbsp;<\/p>\n","protected":false},"excerpt":{"rendered":"<p>Pre\u021bul energiei electrice, este un indicator esen\u021bial al s\u0103n\u0103t\u0103\u021bii economice \u0219i al viitorului durabil al unei \u021b\u0103ri. El influen\u021beaz\u0103 direct costurile de produc\u021bie, nivelul de trai al popula\u021biei, competitivitatea industriei , dar \u0219i atractivitatea investi\u021bional\u0103 . Rom\u00e2nia a avut o cre\u0219tere semnificativ\u0103 a pre\u021bului energiei electrice fapt ce determin\u0103 infla\u021bie, sc\u0103derea puterii de cump\u0103rare, relocarea&#8230;<\/p>\n","protected":false},"author":1,"featured_media":13697,"comment_status":"open","ping_status":"open","sticky":false,"template":"","format":"standard","meta":{"footnotes":""},"categories":[3,13],"tags":[],"class_list":["post-13696","post","type-post","status-publish","format-standard","has-post-thumbnail","hentry","category-actualitate","category-comunicate"],"_links":{"self":[{"href":"https:\/\/obiectiv-valcean.ro\/index.php\/wp-json\/wp\/v2\/posts\/13696","targetHints":{"allow":["GET"]}}],"collection":[{"href":"https:\/\/obiectiv-valcean.ro\/index.php\/wp-json\/wp\/v2\/posts"}],"about":[{"href":"https:\/\/obiectiv-valcean.ro\/index.php\/wp-json\/wp\/v2\/types\/post"}],"author":[{"embeddable":true,"href":"https:\/\/obiectiv-valcean.ro\/index.php\/wp-json\/wp\/v2\/users\/1"}],"replies":[{"embeddable":true,"href":"https:\/\/obiectiv-valcean.ro\/index.php\/wp-json\/wp\/v2\/comments?post=13696"}],"version-history":[{"count":2,"href":"https:\/\/obiectiv-valcean.ro\/index.php\/wp-json\/wp\/v2\/posts\/13696\/revisions"}],"predecessor-version":[{"id":13700,"href":"https:\/\/obiectiv-valcean.ro\/index.php\/wp-json\/wp\/v2\/posts\/13696\/revisions\/13700"}],"wp:featuredmedia":[{"embeddable":true,"href":"https:\/\/obiectiv-valcean.ro\/index.php\/wp-json\/wp\/v2\/media\/13697"}],"wp:attachment":[{"href":"https:\/\/obiectiv-valcean.ro\/index.php\/wp-json\/wp\/v2\/media?parent=13696"}],"wp:term":[{"taxonomy":"category","embeddable":true,"href":"https:\/\/obiectiv-valcean.ro\/index.php\/wp-json\/wp\/v2\/categories?post=13696"},{"taxonomy":"post_tag","embeddable":true,"href":"https:\/\/obiectiv-valcean.ro\/index.php\/wp-json\/wp\/v2\/tags?post=13696"}],"curies":[{"name":"wp","href":"https:\/\/api.w.org\/{rel}","templated":true}]}}