{"id":13694,"date":"2025-11-16T07:13:37","date_gmt":"2025-11-16T07:13:37","guid":{"rendered":"https:\/\/obiectiv-valcean.ro\/?p=13694"},"modified":"2025-11-16T07:13:37","modified_gmt":"2025-11-16T07:13:37","slug":"primaria-pausesti-maglasi-va-amenaja-un-parc-fotovoltaic","status":"publish","type":"post","link":"https:\/\/obiectiv-valcean.ro\/index.php\/2025\/11\/16\/primaria-pausesti-maglasi-va-amenaja-un-parc-fotovoltaic\/","title":{"rendered":"Prim\u0103ria P\u0103u\u0219e\u0219ti M\u0103gla\u0219i va amenaja un parc fotovoltaic"},"content":{"rendered":"<p>Prim\u0103ria P\u0103u\u0219e\u0219ti M\u0103gla\u0219i va amenaja un parc fotovoltaic care s\u0103 asigure consumul de energie electric\u0103 \u00een institu\u021biile publice, iar investi\u021bia\u00a0 va fi realizat\u0103 cu fonduri europene, spune primarul localit\u0103\u021bii, Marcel Radi.<\/p>\n<p>De asemenea, tot cu fonduri europene, dar pe risc seismic se modernizeaz\u0103 \u0219i o gr\u0103dini\u021b\u0103 din comuna P\u0103u\u0219e\u0219ti M\u0103gla\u0219i precum \u0219i fost remiz\u0103 PSI. \u00cen aceast\u0103 perioad\u0103 se lucreaz\u0103 la \u0219coal\u0103 gimnazial\u0103, investi\u021bia fiind\u00a0 prin AFIR, urm\u00e2nd ca la finalul lucr\u0103rii aceast\u0103 s\u0103 devin\u0103 \u0219coal\u0103 verde. Va avea la final pompe de c\u0103ldur\u0103, panouri fotovoltaice, termoizola\u021bie, acoperi\u0219. Sistem modern de \u00eenc\u0103lzire. O cl\u0103dire care va deveni autonom energetic. \u00cen aceast\u0103 \u0219coal\u0103 au fost \u0219i investi\u021bii \u00een ceea ce \u00eenseamn\u0103 mobilier, dotare cu echipamente IT, laboratoare. Este o \u0219coal\u0103 modern\u0103, una care se reabiliteaz\u0103 complet cu fonduri europene.<\/p>\n<p>C.P.<\/p>\n","protected":false},"excerpt":{"rendered":"<p>Prim\u0103ria P\u0103u\u0219e\u0219ti M\u0103gla\u0219i va amenaja un parc fotovoltaic care s\u0103 asigure consumul de energie electric\u0103 \u00een institu\u021biile publice, iar investi\u021bia\u00a0 va fi realizat\u0103 cu fonduri europene, spune primarul localit\u0103\u021bii, Marcel Radi. De asemenea, tot cu fonduri europene, dar pe risc seismic se modernizeaz\u0103 \u0219i o gr\u0103dini\u021b\u0103 din comuna P\u0103u\u0219e\u0219ti M\u0103gla\u0219i precum \u0219i fost remiz\u0103 PSI&#8230;.<\/p>\n","protected":false},"author":1,"featured_media":1069,"comment_status":"open","ping_status":"open","sticky":false,"template":"","format":"standard","meta":{"footnotes":""},"categories":[2],"tags":[],"class_list":["post-13694","post","type-post","status-publish","format-standard","has-post-thumbnail","hentry","category-administratie"],"_links":{"self":[{"href":"https:\/\/obiectiv-valcean.ro\/index.php\/wp-json\/wp\/v2\/posts\/13694","targetHints":{"allow":["GET"]}}],"collection":[{"href":"https:\/\/obiectiv-valcean.ro\/index.php\/wp-json\/wp\/v2\/posts"}],"about":[{"href":"https:\/\/obiectiv-valcean.ro\/index.php\/wp-json\/wp\/v2\/types\/post"}],"author":[{"embeddable":true,"href":"https:\/\/obiectiv-valcean.ro\/index.php\/wp-json\/wp\/v2\/users\/1"}],"replies":[{"embeddable":true,"href":"https:\/\/obiectiv-valcean.ro\/index.php\/wp-json\/wp\/v2\/comments?post=13694"}],"version-history":[{"count":1,"href":"https:\/\/obiectiv-valcean.ro\/index.php\/wp-json\/wp\/v2\/posts\/13694\/revisions"}],"predecessor-version":[{"id":13695,"href":"https:\/\/obiectiv-valcean.ro\/index.php\/wp-json\/wp\/v2\/posts\/13694\/revisions\/13695"}],"wp:featuredmedia":[{"embeddable":true,"href":"https:\/\/obiectiv-valcean.ro\/index.php\/wp-json\/wp\/v2\/media\/1069"}],"wp:attachment":[{"href":"https:\/\/obiectiv-valcean.ro\/index.php\/wp-json\/wp\/v2\/media?parent=13694"}],"wp:term":[{"taxonomy":"category","embeddable":true,"href":"https:\/\/obiectiv-valcean.ro\/index.php\/wp-json\/wp\/v2\/categories?post=13694"},{"taxonomy":"post_tag","embeddable":true,"href":"https:\/\/obiectiv-valcean.ro\/index.php\/wp-json\/wp\/v2\/tags?post=13694"}],"curies":[{"name":"wp","href":"https:\/\/api.w.org\/{rel}","templated":true}]}}