{"id":13660,"date":"2025-09-30T10:30:59","date_gmt":"2025-09-30T10:30:59","guid":{"rendered":"https:\/\/obiectiv-valcean.ro\/?p=13660"},"modified":"2025-09-30T10:32:13","modified_gmt":"2025-09-30T10:32:13","slug":"primaria-pausesti-maglasi-extinde-iluminatul-public","status":"publish","type":"post","link":"https:\/\/obiectiv-valcean.ro\/index.php\/2025\/09\/30\/primaria-pausesti-maglasi-extinde-iluminatul-public\/","title":{"rendered":"Prim\u0103ria P\u0103u\u0219e\u0219ti M\u0103gla\u0219i extinde iluminatul public"},"content":{"rendered":"<p>La cererea cet\u0103\u021benilor din comuna P\u0103u\u0219e\u0219ti m\u0103gla\u0219i, primarul Marcel Radi a ini\u021biat un parteneriat cu CEZ \u0219i Consiliul Jude\u021bean V\u00e2lcea, prin care urmeaz\u0103 extinderea re\u021belei electrice \u00een punctul Viezureni. Aceast\u0103 investi\u021bie va permite dezvoltarea localit\u0103\u021bii, iar noile construc\u021bii din arealul respectiv vor putea s\u0103 se bran\u0219eze la energia electric\u0103.<\/p>\n<p>\u201dAvem multe case care inc\u0103 nu aveau curent electric \u0219i, de aceea, am ini\u021biat acest parteneriat cu CJ V\u00e2lcea \u0219i CEZ. Mul\u021bumesc mult dlui Constantin R\u0103dulescu, pre\u0219edintele CJ V\u00e2lcea pentru c\u0103 am g\u0103sit \u00een\u021belegere si domnia sa a venit cu solu\u021bia acestui parteneriat. Noi, ca \u0219i prim\u0103rie nu am fi putut s\u0103 ne permitem s\u0103 facem aceast\u0103 inveti\u021bie, mai ales c\u0103 avem destule proiecte care au nevoie de cofinan\u021bare. Acum, cu acest perteneriat se va putea face aceast\u0103 investi\u021bie pentru oamenii din comuna P\u0103u\u0219e\u0219ti M\u0103gla\u0219i.\u201d, a declarat Marcel Radi.<\/p>\n<p>Totodat\u0103, \u00een localitate se continu\u0103 lucr\u0103rile la extinderea re\u021belei de gaze naturale, o alt\u0103 investi\u021bie de mari propro\u021bii care aduce plus valoare localit\u0103\u021bii.<\/p>\n<p>Claudia POPA<\/p>\n","protected":false},"excerpt":{"rendered":"<p>La cererea cet\u0103\u021benilor din comuna P\u0103u\u0219e\u0219ti m\u0103gla\u0219i, primarul Marcel Radi a ini\u021biat un parteneriat cu CEZ \u0219i Consiliul Jude\u021bean V\u00e2lcea, prin care urmeaz\u0103 extinderea re\u021belei electrice \u00een punctul Viezureni. Aceast\u0103 investi\u021bie va permite dezvoltarea localit\u0103\u021bii, iar noile construc\u021bii din arealul respectiv vor putea s\u0103 se bran\u0219eze la energia electric\u0103. \u201dAvem multe case care inc\u0103 nu&#8230;<\/p>\n","protected":false},"author":1,"featured_media":1069,"comment_status":"open","ping_status":"open","sticky":false,"template":"","format":"standard","meta":{"footnotes":""},"categories":[2],"tags":[],"class_list":["post-13660","post","type-post","status-publish","format-standard","has-post-thumbnail","hentry","category-administratie"],"_links":{"self":[{"href":"https:\/\/obiectiv-valcean.ro\/index.php\/wp-json\/wp\/v2\/posts\/13660","targetHints":{"allow":["GET"]}}],"collection":[{"href":"https:\/\/obiectiv-valcean.ro\/index.php\/wp-json\/wp\/v2\/posts"}],"about":[{"href":"https:\/\/obiectiv-valcean.ro\/index.php\/wp-json\/wp\/v2\/types\/post"}],"author":[{"embeddable":true,"href":"https:\/\/obiectiv-valcean.ro\/index.php\/wp-json\/wp\/v2\/users\/1"}],"replies":[{"embeddable":true,"href":"https:\/\/obiectiv-valcean.ro\/index.php\/wp-json\/wp\/v2\/comments?post=13660"}],"version-history":[{"count":3,"href":"https:\/\/obiectiv-valcean.ro\/index.php\/wp-json\/wp\/v2\/posts\/13660\/revisions"}],"predecessor-version":[{"id":13663,"href":"https:\/\/obiectiv-valcean.ro\/index.php\/wp-json\/wp\/v2\/posts\/13660\/revisions\/13663"}],"wp:featuredmedia":[{"embeddable":true,"href":"https:\/\/obiectiv-valcean.ro\/index.php\/wp-json\/wp\/v2\/media\/1069"}],"wp:attachment":[{"href":"https:\/\/obiectiv-valcean.ro\/index.php\/wp-json\/wp\/v2\/media?parent=13660"}],"wp:term":[{"taxonomy":"category","embeddable":true,"href":"https:\/\/obiectiv-valcean.ro\/index.php\/wp-json\/wp\/v2\/categories?post=13660"},{"taxonomy":"post_tag","embeddable":true,"href":"https:\/\/obiectiv-valcean.ro\/index.php\/wp-json\/wp\/v2\/tags?post=13660"}],"curies":[{"name":"wp","href":"https:\/\/api.w.org\/{rel}","templated":true}]}}