{"id":13649,"date":"2025-08-25T08:59:43","date_gmt":"2025-08-25T08:59:43","guid":{"rendered":"https:\/\/obiectiv-valcean.ro\/?p=13649"},"modified":"2025-08-25T08:59:43","modified_gmt":"2025-08-25T08:59:43","slug":"la-final-de-stagiune-teatrul-anton-pann-va-invita-la-doua-premiere-the-lonely-ones-si-antinomia-majordomului","status":"publish","type":"post","link":"https:\/\/obiectiv-valcean.ro\/index.php\/2025\/08\/25\/la-final-de-stagiune-teatrul-anton-pann-va-invita-la-doua-premiere-the-lonely-ones-si-antinomia-majordomului\/","title":{"rendered":"La final de stagiune, Teatrul Anton Pann v\u0103 invit\u0103 la dou\u0103 premiere:  \u201eThe Lonely Ones\u201d  \u0219i \u201eAntinomia majordomului\u201d"},"content":{"rendered":"<p><strong>\u00a0<\/strong>Dup\u0103 o stagiune estival\u0103 prelungit\u0103, cu particip\u0103ri la festivaluri, spectacole la sediu \u0219i \u00een deplasare, Teatrul Anton Pann are bucuria de a v\u0103 prezenta la finalul acestei s\u0103pt\u0103m\u00e2ni dou\u0103 noi produc\u021bii teatrale.<\/p>\n<p><strong>Joi, 28 august, cu \u00eencepere de la ora 18.00, \u00een premier\u0103 va fi prezentat spectacolul \u201eThe Lonely Ones\u201d,<\/strong> o explorare intim\u0103 a singur\u0103t\u0103\u021bii \u0219i conexiunii, co produc\u021bie a Teatrului Anton Pann cu Unteatru. \u00centr-un cadru minimalist \u0219i profund expresiv, actorii distribui\u021bi \u00een spectacol aduc la via\u021b\u0103 pove\u0219ti despre izolare, dorin\u021b\u0103 de apartenen\u021b\u0103 \u0219i complexitatea rela\u021biilor umane. Fiecare moment, este \u00eenc\u0103rcat de emo\u021bie, iar interpret\u0103rile actorice\u0219ti ale celor trei actori din tablourile \u201dLuca\u201d, \u201dFlorile ru\u0219inii\u201d \u0219i \u201dLini\u0219te\u201d sunt remarcabile. <strong>Andrei C\u0103t\u0103lin, Bianca Cuculici \u0219i Codrin Boldea<\/strong>, dau via\u021b\u0103 personajelelor care aparent sunt oameni obi\u0219nui\u021bi, fiecare cu o lume interioar\u0103 bogat\u0103, dar nespus\u0103, necomunicat\u0103.\u00a0 Chiar dac\u0103 tr\u0103im aproape unii de al\u021bii (\u00een acela\u0219i bloc, spre exemplu), suntem deseori deconecta\u021bi emo\u021bional. Regia subtil\u0103 care poart\u0103 semn\u0103tura lui Andrei Grosu, permite spectatorului s\u0103 se concentreze pe nuan\u021bele interpret\u0103rii \u0219i pe mesajul profund al piesei. \u201eThe Lonely Ones\u201d nu este doar o reprezenta\u021bie teatral\u0103, ci o experien\u021b\u0103 care invit\u0103 la reflec\u021bie asupra propriei noastre nevoi de conexiune \u0219i \u00een\u021belegere. Accesul la spectacol este individual, fiecare spectator av\u00e2nd experin\u021ba intim\u0103 a \u00eent\u00e2lnirii cu actorul si devenind astfel cocreatorul spectacolului. Cel singur care spune povestea celui singur care ascult\u0103. De aceea, la acest spectacol locurile sunt limitate \u0219i necesit\u0103 programare la num\u0103rul de telefon 0773324352.<\/p>\n<p><strong>Pe 31 august, duminic\u0103, tot de la ora 19.00, Teatrul Anton Pann din R\u00e2mnicu V\u00e2lcea are pl\u0103cerea de a aduce \u00een aten\u021bia publicului spectacolul \u201eAntinomia Majordomului\u201d,<\/strong> o medita\u021bie scenic\u0103 despre raporturile de putere, condi\u021bia uman\u0103 \u0219i fina grani\u021b\u0103 dintre iubire, control \u0219i libertate. Este un spectacol cu o puternic\u0103 \u00eenc\u0103rc\u0103tur\u0103 vizual\u0103 \u0219i filosofic\u0103, regizat\u0103 de Rolando Macrini \u2013 director artistic al Centrului Teatral Universitar de Studii din Tuscia \u2013 Viterbo (Italia). La prima vedere, spectacolul se contureaz\u0103 ca un dialog \u00eentre Domn \u0219i Majordom, \u00eentre St\u0103p\u00e2n \u0219i Sclav. \u00cen profunzime \u00eens\u0103, se ciocnesc dou\u0103 lumi: dou\u0103 identit\u0103\u021bi, dou\u0103 clase sociale \u0219i dou\u0103 nevoi umane fundamentale \u2013 de a domina \u0219i de a fi dominat. \u201eAntinomia Majordomului\u201d exploreaz\u0103 limitele \u0219i contradic\u021biile puterii \u00eentr-un discurs teatral care porne\u0219te de la fabulele lui Esop \u2013 bijuterii de nara\u021biune simpl\u0103, dar profund\u0103 \u2013 \u0219i evolueaz\u0103 spre \u00eentreb\u0103ri esen\u021biale: cine este cu adev\u0103rat St\u0103p\u00e2nul? cine este Servitorul? cine controleaz\u0103 \u0219i cine se las\u0103 controlat? \u00cen acest spectacol \u00eei vom \u00eent\u00e2lni: din nou pe <strong>Andrei C\u0103t\u0103lin<\/strong> \u00een rolul st\u0103p\u00e2nului \u0219i <strong>Kostas Mincu<\/strong> \u00een rolul majordomului.<\/p>\n<p>A\u0219adar, la sf\u00e2r\u0219itul acestei s\u0103pt\u0103m\u00e2ni f\u0103ce\u021bi-v\u0103 timp \u0219i pentru aceste dou\u0103 spectacole care vor avea loc la sediul Teatrului Anton Pann \u00een premier\u0103: joi, pe 28 august, cu \u00eencepere de la ora 19.00, \u201eThe Lonely Ones\u201d \u0219i duminic\u0103 pe 31 august, tot de la ora 19.00, \u201dAntinomia Majordomului\u201d. Rezerv\u0103ri bilete la num\u0103rul de telefon 0773324352.<\/p>\n","protected":false},"excerpt":{"rendered":"<p>\u00a0Dup\u0103 o stagiune estival\u0103 prelungit\u0103, cu particip\u0103ri la festivaluri, spectacole la sediu \u0219i \u00een deplasare, Teatrul Anton Pann are bucuria de a v\u0103 prezenta la finalul acestei s\u0103pt\u0103m\u00e2ni dou\u0103 noi produc\u021bii teatrale. Joi, 28 august, cu \u00eencepere de la ora 18.00, \u00een premier\u0103 va fi prezentat spectacolul \u201eThe Lonely Ones\u201d, o explorare intim\u0103 a singur\u0103t\u0103\u021bii&#8230;<\/p>\n","protected":false},"author":1,"featured_media":13651,"comment_status":"open","ping_status":"open","sticky":false,"template":"","format":"standard","meta":{"footnotes":""},"categories":[13,12,1],"tags":[],"class_list":["post-13649","post","type-post","status-publish","format-standard","has-post-thumbnail","hentry","category-comunicate","category-cultura","category-fara-categorie"],"_links":{"self":[{"href":"https:\/\/obiectiv-valcean.ro\/index.php\/wp-json\/wp\/v2\/posts\/13649","targetHints":{"allow":["GET"]}}],"collection":[{"href":"https:\/\/obiectiv-valcean.ro\/index.php\/wp-json\/wp\/v2\/posts"}],"about":[{"href":"https:\/\/obiectiv-valcean.ro\/index.php\/wp-json\/wp\/v2\/types\/post"}],"author":[{"embeddable":true,"href":"https:\/\/obiectiv-valcean.ro\/index.php\/wp-json\/wp\/v2\/users\/1"}],"replies":[{"embeddable":true,"href":"https:\/\/obiectiv-valcean.ro\/index.php\/wp-json\/wp\/v2\/comments?post=13649"}],"version-history":[{"count":2,"href":"https:\/\/obiectiv-valcean.ro\/index.php\/wp-json\/wp\/v2\/posts\/13649\/revisions"}],"predecessor-version":[{"id":13652,"href":"https:\/\/obiectiv-valcean.ro\/index.php\/wp-json\/wp\/v2\/posts\/13649\/revisions\/13652"}],"wp:featuredmedia":[{"embeddable":true,"href":"https:\/\/obiectiv-valcean.ro\/index.php\/wp-json\/wp\/v2\/media\/13651"}],"wp:attachment":[{"href":"https:\/\/obiectiv-valcean.ro\/index.php\/wp-json\/wp\/v2\/media?parent=13649"}],"wp:term":[{"taxonomy":"category","embeddable":true,"href":"https:\/\/obiectiv-valcean.ro\/index.php\/wp-json\/wp\/v2\/categories?post=13649"},{"taxonomy":"post_tag","embeddable":true,"href":"https:\/\/obiectiv-valcean.ro\/index.php\/wp-json\/wp\/v2\/tags?post=13649"}],"curies":[{"name":"wp","href":"https:\/\/api.w.org\/{rel}","templated":true}]}}