{"id":13645,"date":"2025-07-22T12:29:48","date_gmt":"2025-07-22T12:29:48","guid":{"rendered":"https:\/\/obiectiv-valcean.ro\/?p=13645"},"modified":"2025-08-21T16:32:03","modified_gmt":"2025-08-21T16:32:03","slug":"conacele-valcii-rute-boieresti-in-patrimoniul-cultural-valcean-conacul-otetelisanu-din-balcesti-eleganta-unei-epoci-si-renasterea-patrimoniului","status":"publish","type":"post","link":"https:\/\/obiectiv-valcean.ro\/index.php\/2025\/07\/22\/conacele-valcii-rute-boieresti-in-patrimoniul-cultural-valcean-conacul-otetelisanu-din-balcesti-eleganta-unei-epoci-si-renasterea-patrimoniului\/","title":{"rendered":"Conacele V\u00e2lcii \u2013 Rute boiere\u0219ti \u00een patrimoniul cultural v\u00e2lcean. Conacul Oteteli\u0219anu din B\u0103lce\u0219ti \u2013 elegan\u021ba unei epoci \u0219i rena\u0219terea patrimoniului"},"content":{"rendered":"<p><em>\u00cen sudul jude\u021bului V\u00e2lcea, \u00een ora\u0219ul B\u0103lce\u0219ti, se afl\u0103 unul dintre cele mai semnificative monumente de arhitectur\u0103 boiereasc\u0103 din Oltenia \u2013 Conacul\u00a0<\/em>Oteteli\u0219anu<em>. Acest edificiu de patrimoniu nu este doar o construc\u021bie istoric\u0103, ci \u0219i un simbol al inteligen\u021bei, curajului \u0219i moderniz\u0103rii \u00een Rom\u00e2nia secolului XIX. Conacul a apar\u021binut marelui c\u0103rturar Petrache Poenaru, iar ast\u0103zi este readus la via\u021b\u0103 datorit\u0103 unui om care a ales s\u0103 investeasc\u0103 \u00een memorie \u0219i identitate cultural\u0103.<\/em><\/p>\n<div class=\"e6219d6b3f8ec646e4cb39e8fa5294e4\" data-index=\"3\">\n<div class=\"demand-supply\" data-ad=\"ramnicuvalceaweek.ro_sticky_mobile_top\" data-devices=\"m:1,t:0,d:0\"><\/div>\n<\/div>\n<div class=\"code-block code-block-1\">\n<p><strong>Petrache Poenaru \u2013 vizionarul din B\u0103lce\u0219ti<\/strong><\/p>\n<\/div>\n<p>N\u0103scut \u00een 1799, Poenaru a fost una dintre cele mai moderne figuri ale secolului XIX. A fost secretar al lui Tudor Vladimirescu \u00een Revolu\u021bia din 1821, a creat primul tricolor rom\u00e2nesc, a studiat la Viena \u0219i Paris, a inventat stiloul cu rezervor (brevetat \u00een Fran\u021ba) \u0219i a fost membru fondator al Academiei Rom\u00e2ne. A sprijinit educa\u021bia, \u0219tiin\u021ba \u0219i modernizarea societ\u0103\u021bii rom\u00e2ne\u0219ti. Conacul din B\u0103lce\u0219ti i-a fost refugiu \u0219i surs\u0103 de inspira\u021bie. \u00cen tihna sa boiereasc\u0103, \u00een mijlocul dealurilor v\u00e2lcene, Poenaru \u0219i-a reg\u0103sit r\u0103d\u0103cinile \u0219i a visat la o \u021bar\u0103 educat\u0103 \u0219i liber\u0103.<\/p>\n<p><strong>Arhitectur\u0103 cu suflet<\/strong><\/p>\n<p>Ridicat \u00een prima jum\u0103tate a secolului al XIX-lea, conacul \u00eembin\u0103 sobrietatea neoclasic\u0103 cu detalii br\u00e2ncovene\u0219ti discrete. Pridvorul cu coloane, fa\u021bada echilibrat\u0103 \u0219i gr\u0103dina cu arbori seculari contureaz\u0103 un spa\u021biu armonios, \u00eenc\u0103rcat de istorie. \u00cen interior, se p\u0103streaz\u0103 sobe de teracot\u0103, u\u0219i masive, podele originale \u0219i feronerie artizanal\u0103 \u2013 martori ai unei epoci rafinate.<\/p>\n<div class=\"code-block code-block-2\">\n<p>&nbsp;<\/p>\n<p>Dup\u0103 decenii de degradare, Conacul Oteteli\u0219anu a fost salvat de Valentin Ionescu, un antreprenor v\u00e2lcean cu dragoste pentru istorie. Restaurarea a fost f\u0103cut\u0103 cu grij\u0103 \u0219i respect pentru materialele \u0219i tehnicile tradi\u021bionale. Ast\u0103zi, conacul func\u021bioneaz\u0103 ca un spa\u021biu deschis publicului \u2013 un centru cultural, educa\u021bional \u0219i turistic, integrat \u00een ini\u021biativa \u201eConacele V\u00e2lcii \u2013 Rute boiere\u0219ti \u00een patrimoniul cultural v\u00e2lcean\u201d.<\/p>\n<\/div>\n<div class=\"e6219d6b3f8ec646e4cb39e8fa5294e4\" data-index=\"4\"><\/div>\n<p><strong>Experien\u021be pentru vizitatori<\/strong><\/p>\n<p>Vizitatorii pot descoperi conacul prin:<\/p>\n<ul class=\"wp-block-list\">\n<li>Tururi ghidate \u2013 pove\u0219tile lui Poenaru \u0219i ale epocii pa\u0219optiste.<\/li>\n<li>Degust\u0103ri boiere\u0219ti \u2013 tocane, br\u00e2nzeturi, vinuri \u0219i pl\u0103cinte oltene\u0219ti.<\/li>\n<li>Ateliere culturale \u2013 caligrafie cu peni\u021b\u0103, re\u021bete vechi, me\u0219te\u0219uguri.<\/li>\n<li>Evenimente culturale \u2013 serate muzicale, expozi\u021bii, lans\u0103ri de carte.<\/li>\n<li>Relaxare \u2013 \u00een curtea larg\u0103, sub umbra arborilor, \u00eentr-o lini\u0219te deplin\u0103.<\/li>\n<\/ul>\n<p><strong>Cazare \u0219i restaurante \u00een apropiere<\/strong><\/p>\n<ul class=\"wp-block-list\">\n<li>Cazare \u00een conac \u2013 camere elegante, cu detalii istorice restaurate. Rezerv\u0103ri:\u00a0<a href=\"tel:0752264734\">0752264734<\/a>. Forest Retreat &amp; Spa (M\u0103ciuca) \u2013 complex modern cu facilit\u0103\u021bi wellness, la ~17 km.<\/li>\n<li>Alte op\u021biuni \u00een zon\u0103: Pensiunea Romconcord (B\u0103lce\u0219ti), Ograda cu Pove\u0219ti (Orle\u0219ti), pensiuni din R\u00e2nca\/Sl\u0103tioara\/Vaideeni.<\/li>\n<li>Restaurante recomandate: Anasta Trattoria \u2013 buc\u0103t\u0103rie reinterpretat\u0103, elegant\u0103. Pizza For You \u2013 op\u021biune casual, local popular\u0103. Restaurant Olte\u021bu \u2013 specific tradi\u021bional oltenesc.<\/li>\n<\/ul>\n<p>Aflat pe ruta \u201eConacele V\u00e2lcii\u201d, al\u0103turi de alte bijuterii arhitecturale ale jude\u021bului, conacul devine o destina\u021bie turistic\u0103 de calitate, unde vizitatorii caut\u0103 lini\u0219te, cultur\u0103 \u0219i autenticitate.<\/p>\n<p>Material realizat de Asocia\u021bia Clubul de Pres\u0103 V\u00e2lcea. Aceast\u0103 campanie de informare beneficiaz\u0103 de finan\u021bare nerambursabil\u0103 de la Consiliul Jude\u0163ean V\u00e2lcea, \u00een cadrul proiectului \u201eConacele V\u00e2lcii \u2013 Rute boiere\u0219ti \u00een patrimoniul cultural\u00a0v\u00e2lcean\u201d<\/p>\n","protected":false},"excerpt":{"rendered":"<p>\u00cen sudul jude\u021bului V\u00e2lcea, \u00een ora\u0219ul B\u0103lce\u0219ti, se afl\u0103 unul dintre cele mai semnificative monumente de arhitectur\u0103 boiereasc\u0103 din Oltenia \u2013 Conacul\u00a0Oteteli\u0219anu. Acest edificiu de patrimoniu nu este doar o construc\u021bie istoric\u0103, ci \u0219i un simbol al inteligen\u021bei, curajului \u0219i moderniz\u0103rii \u00een Rom\u00e2nia secolului XIX. Conacul a apar\u021binut marelui c\u0103rturar Petrache Poenaru, iar ast\u0103zi este&#8230;<\/p>\n","protected":false},"author":1,"featured_media":13646,"comment_status":"open","ping_status":"open","sticky":false,"template":"","format":"standard","meta":{"footnotes":""},"categories":[13,12],"tags":[],"class_list":["post-13645","post","type-post","status-publish","format-standard","has-post-thumbnail","hentry","category-comunicate","category-cultura"],"_links":{"self":[{"href":"https:\/\/obiectiv-valcean.ro\/index.php\/wp-json\/wp\/v2\/posts\/13645","targetHints":{"allow":["GET"]}}],"collection":[{"href":"https:\/\/obiectiv-valcean.ro\/index.php\/wp-json\/wp\/v2\/posts"}],"about":[{"href":"https:\/\/obiectiv-valcean.ro\/index.php\/wp-json\/wp\/v2\/types\/post"}],"author":[{"embeddable":true,"href":"https:\/\/obiectiv-valcean.ro\/index.php\/wp-json\/wp\/v2\/users\/1"}],"replies":[{"embeddable":true,"href":"https:\/\/obiectiv-valcean.ro\/index.php\/wp-json\/wp\/v2\/comments?post=13645"}],"version-history":[{"count":2,"href":"https:\/\/obiectiv-valcean.ro\/index.php\/wp-json\/wp\/v2\/posts\/13645\/revisions"}],"predecessor-version":[{"id":13648,"href":"https:\/\/obiectiv-valcean.ro\/index.php\/wp-json\/wp\/v2\/posts\/13645\/revisions\/13648"}],"wp:featuredmedia":[{"embeddable":true,"href":"https:\/\/obiectiv-valcean.ro\/index.php\/wp-json\/wp\/v2\/media\/13646"}],"wp:attachment":[{"href":"https:\/\/obiectiv-valcean.ro\/index.php\/wp-json\/wp\/v2\/media?parent=13645"}],"wp:term":[{"taxonomy":"category","embeddable":true,"href":"https:\/\/obiectiv-valcean.ro\/index.php\/wp-json\/wp\/v2\/categories?post=13645"},{"taxonomy":"post_tag","embeddable":true,"href":"https:\/\/obiectiv-valcean.ro\/index.php\/wp-json\/wp\/v2\/tags?post=13645"}],"curies":[{"name":"wp","href":"https:\/\/api.w.org\/{rel}","templated":true}]}}