{"id":13643,"date":"2025-07-21T16:27:11","date_gmt":"2025-07-21T16:27:11","guid":{"rendered":"https:\/\/obiectiv-valcean.ro\/?p=13643"},"modified":"2025-08-21T16:28:18","modified_gmt":"2025-08-21T16:28:18","slug":"conacele-valcii-rute-boieresti-in-patrimoniul-cultural-valcean-conacul-maldar-boierie-autentica-in-inima-olteniei-de-sub-munte","status":"publish","type":"post","link":"https:\/\/obiectiv-valcean.ro\/index.php\/2025\/07\/21\/conacele-valcii-rute-boieresti-in-patrimoniul-cultural-valcean-conacul-maldar-boierie-autentica-in-inima-olteniei-de-sub-munte\/","title":{"rendered":"Conacele V\u00e2lcii \u2013 Rute boiere\u0219ti \u00een patrimoniul cultural v\u00e2lcean. Conacul Mald\u0103r\u2013 Boierie autentic\u0103 \u00een inima Olteniei de sub munte"},"content":{"rendered":"<header class=\"entry-header\">\n<div class=\"aft-post-thumbnail-wrapper\">\n<div class=\"post-thumbnail full-width-image\"><em>La marginea satului M\u0103ld\u0103re\u0219ti, \u00een apropiere de Horezu, se afl\u0103 unul dintre cele mai bine conservate conace boiere\u0219ti din jude\u021bul V\u00e2lcea. Conacul Mald\u0103r ridicat \u00een secolul al XIX-lea, se integreaz\u0103 armonios \u00een complexul Culelor M\u0103ld\u0103re\u0219ti, al\u0103turi de Cula Duca \u0219i Cula Greceanu, fiind o dovad\u0103 vie a rafinamentului \u0219i for\u021bei de adaptare a boierimii oltene\u0219ti.<\/em>rom\u00e2ne\u0219ti. Cl\u0103direa, odinioar\u0103 re\u0219edin\u021b\u0103 de var\u0103 a familiei boiere\u0219ti M\u0103ld\u0103re\u0219ti, p\u0103streaz\u0103 tavane \u00eenalte, sobe de teracot\u0103, mobilier de epoc\u0103 \u0219i piese decorative autentice. Atmosfera este cald\u0103, sobr\u0103 \u0219i elegant\u0103, evoc\u00e2nd o epoc\u0103 \u00een care familia, educa\u021bia \u0219i onoarea erau valori de c\u0103p\u0103t\u00e2i.<\/div>\n<\/div>\n<\/header>\n<div class=\"entry-content\">\n<p><strong>O mo\u0219tenire boiereasc\u0103 cu greutate istoric\u0103<\/strong><\/p>\n<div class=\"e6219d6b3f8ec646e4cb39e8fa5294e4\" data-index=\"3\">\n<div class=\"demand-supply\" data-ad=\"ramnicuvalceaweek.ro_sticky_mobile_top\" data-devices=\"m:1,t:0,d:0\"><\/div>\n<\/div>\n<p>Conacul apar\u021binea unei ramuri a familiei M\u0103ld\u0103re\u0219ti, boieri atesta\u021bi \u00eenc\u0103 din secolul al XV-lea. De numele locului se leag\u0103 \u0219i destinul lui I. G. Duca, prim-ministru al Rom\u00e2niei \u00een perioada interbelic\u0103, n\u0103scut \u00een apropiere \u0219i profund ata\u0219at de aceste meleaguri. Vizitatorii pot descoperi \u00een interior obiecte ce i-au apar\u021binut \u0219i fotografii de epoc\u0103.<\/p>\n<p>Cl\u0103direa a fost salvat\u0103 printr-un amplu proces de restaurare \u0219i face acum parte din patrimoniul Muzeului Jude\u021bean \u201eAurelian Sacerdo\u021beanu\u201d V\u00e2lcea. Vizita la conac este o incursiune \u00eentr-un timp al rafinamentului, dar \u0219i un act de redescoperire a identit\u0103\u021bii culturale oltene\u0219ti.<\/p>\n<div class=\"code-block code-block-2\"><ins class=\"adsbygoogle\" data-ad-layout=\"in-article\" data-ad-format=\"fluid\" data-ad-client=\"ca-pub-1603819986459509\" data-ad-slot=\"\" data-adsbygoogle-status=\"done\" data-ad-status=\"filled\"><\/p>\n<div id=\"aswift_2_host\"><iframe id=\"aswift_2\" class=\" lazyloaded\" tabindex=\"0\" title=\"Advertisement\" name=\"aswift_2\" width=\"631\" height=\"280\" frameborder=\"0\" marginwidth=\"0\" marginheight=\"0\" scrolling=\"no\" sandbox=\"allow-forms allow-popups allow-popups-to-escape-sandbox allow-same-origin allow-scripts allow-top-navigation-by-user-activation\" data-google-container-id=\"a!3\" aria-label=\"Advertisement\" data-google-query-id=\"CIGe0vW60I4DFRfEwgQdvVc9ng\" data-load-complete=\"true\" data-mce-fragment=\"1\" data-src=\"https:\/\/googleads.g.doubleclick.net\/pagead\/ads?gdpr=1&amp;gdpr_consent=CQU9E0AQU9E0AEsACBROB0FoAP_gAEPgACJwK1IB_C7EbCFCiDp3IKMEMAhHABBAYsAwAAYBAwAADBIQIAQCgkEYBASAFCACCAAAKASBAAAgCAAAAUAAIAAVAABAAAwAIBAIIAAAgAAAAEAIAAAACIAAEQCAAAAEAEAAkAgAAAIASAAAAAAAAACBAAAAAAAAAAAAAAAABAAAAQAAQAAAAAAAiAAAAAAAABAIAAAAAAAAAAAAAAAAAAAAAAgAAAAAAAAAABAAAAAAAQR2QD-F2I2EKFEHCuQUYIYBCuACAAxYBgAAwCBgAAGCQgQAgFJIIkCAEAIEAAEAAAQAgCAABQABAAAIAAAAAqAACAABgAQCAQQIABAAAAgIAAAAAAEQAAIgEAAAAIAIABABAAAAQAkAAAAAAAAAECAAAAAAAAAAAAAAAAAAAAAEABgAAAAAABEAAAAAAAACAQIAAA&amp;addtl_consent=2~61.89.122.184.196.230.314.318.442.445.494.550.576.827.1029.1033.1046.1047.1051.1097.1126.1166.1301.1342.1415.1725.1765.1942.1958.1987.2068.2072.2074.2107.2213.2219.2223.2224.2328.2331.2387.2416.2501.2567.2568.2575.2657.2686.2778.2869.2878.2908.2920.2963.3005.3023.3100.3126.3219.3234.3235.3253.3309.3731.6931.8931.13731.15731~dv.&amp;client=ca-pub-1603819986459509&amp;output=html&amp;h=280&amp;adk=1878449506&amp;adf=3187269141&amp;w=631&amp;abgtt=6&amp;fwrn=4&amp;fwrnh=0&amp;lmt=1753187100&amp;rafmt=1&amp;armr=3&amp;format=631x280&amp;url=https%3A%2F%2Fseintamplainvalcea.ro%2F2025%2F07%2F22%2F29466%2F&amp;fwr=0&amp;rpe=1&amp;resp_fmts=3&amp;wgl=1&amp;uach=WyJXaW5kb3dzIiwiMTAuMC4wIiwieDg2IiwiIiwiMTM4LjAuMzM1MS45NSIsbnVsbCwwLG51bGwsIjY0IixbWyJOb3QpQTtCcmFuZCIsIjguMC4wLjAiXSxbIkNocm9taXVtIiwiMTM4LjAuNzIwNC4xNTgiXSxbIk1pY3Jvc29mdCBFZGdlIiwiMTM4LjAuMzM1MS45NSJdXSwwXQ..&amp;dt=1753187099950&amp;bpp=1&amp;bdt=432&amp;idt=97&amp;shv=r20250717&amp;mjsv=m202507170101&amp;ptt=9&amp;saldr=aa&amp;abxe=1&amp;cookie=ID%3Dc1000caa428f8f66%3AT%3D1753186943%3ART%3D1753186943%3AS%3DALNI_MZdXaMQbLVMLiHBIwyq05FnYTHC-A&amp;gpic=UID%3D0000121c76a72983%3AT%3D1753186943%3ART%3D1753186943%3AS%3DALNI_MYos5-Xsr-Sd6rNpoyc7ehrIhIRiQ&amp;eo_id_str=ID%3D6fb337f9a018839d%3AT%3D1753186943%3ART%3D1753186943%3AS%3DAA-AfjbWzudlAmCAVxOkoAcWLBxM&amp;prev_fmts=0x0%2C631x280&amp;nras=1&amp;correlator=3924244548734&amp;frm=20&amp;pv=1&amp;rplot=4&amp;u_tz=180&amp;u_his=1&amp;u_h=864&amp;u_w=1536&amp;u_ah=824&amp;u_aw=1536&amp;u_cd=24&amp;u_sd=1.25&amp;dmc=8&amp;adx=101&amp;ady=2191&amp;biw=1127&amp;bih=746&amp;scr_x=0&amp;scr_y=0&amp;eid=31093516%2C31093577%2C95362656%2C95365881%2C95366025%2C95366177%2C95366737%2C95366914%2C95366853%2C95359266%2C95366368%2C31092548&amp;oid=2&amp;pvsid=417816396483156&amp;tmod=1537224802&amp;uas=0&amp;nvt=1&amp;fc=1920&amp;brdim=0%2C0%2C0%2C0%2C1536%2C0%2C1536%2C824%2C1142%2C746&amp;vis=1&amp;rsz=%7C%7CeEbr%7C&amp;abl=CS&amp;pfx=0&amp;fu=128&amp;bc=31&amp;bz=1.35&amp;td=1&amp;tdf=2&amp;psd=W251bGwsbnVsbCxudWxsLDNd&amp;nt=1&amp;pgls=CAEaBTYuOC4y&amp;ifi=3&amp;uci=a!3&amp;btvi=2&amp;fsb=1&amp;dtd=379\"><\/iframe><\/div>\n<p>&nbsp;<\/p>\n<p><\/ins><\/div>\n<figure class=\"wp-block-image size-full\"><img loading=\"lazy\" decoding=\"async\" class=\"wp-image-29467 lazyloaded\" src=\"https:\/\/seintamplainvalcea.ro\/wp-content\/uploads\/2025\/07\/22a45775-046f-4c79-9a86-f7d5317fd25a.jpeg\" sizes=\"auto, (max-width: 951px) 100vw, 951px\" srcset=\"https:\/\/seintamplainvalcea.ro\/wp-content\/uploads\/2025\/07\/22a45775-046f-4c79-9a86-f7d5317fd25a.jpeg 951w, https:\/\/seintamplainvalcea.ro\/wp-content\/uploads\/2025\/07\/22a45775-046f-4c79-9a86-f7d5317fd25a-768x1074.jpeg 768w\" alt=\"\" width=\"951\" height=\"1330\" data-srcset=\"https:\/\/seintamplainvalcea.ro\/wp-content\/uploads\/2025\/07\/22a45775-046f-4c79-9a86-f7d5317fd25a.jpeg 951w, https:\/\/seintamplainvalcea.ro\/wp-content\/uploads\/2025\/07\/22a45775-046f-4c79-9a86-f7d5317fd25a-768x1074.jpeg 768w\" data-src=\"https:\/\/seintamplainvalcea.ro\/wp-content\/uploads\/2025\/07\/22a45775-046f-4c79-9a86-f7d5317fd25a.jpeg\" \/><\/figure>\n<p><strong>Ce po\u021bi face ca vizitator?<\/strong><\/p>\n<div class=\"e6219d6b3f8ec646e4cb39e8fa5294e4\" data-index=\"4\"><\/div>\n<p><img decoding=\"async\" class=\"emoji lazyloaded\" role=\"img\" draggable=\"false\" src=\"https:\/\/s.w.org\/images\/core\/emoji\/16.0.1\/svg\/2714.svg\" alt=\"\u2714\" data-src=\"https:\/\/s.w.org\/images\/core\/emoji\/16.0.1\/svg\/2714.svg\" \/>\u00a0Tur ghidat \u2013 camere boiere\u0219ti mobilate original, salon de muzic\u0103, buc\u0103t\u0103rie tradi\u021bional\u0103.<br \/>\n<img decoding=\"async\" class=\"emoji lazyloaded\" role=\"img\" draggable=\"false\" src=\"https:\/\/s.w.org\/images\/core\/emoji\/16.0.1\/svg\/2714.svg\" alt=\"\u2714\" data-src=\"https:\/\/s.w.org\/images\/core\/emoji\/16.0.1\/svg\/2714.svg\" \/>\u00a0Ateliere interactive \u2013 ol\u0103rit, pictur\u0103 pe lemn, \u021besut la r\u0103zboi.<br \/>\n<img decoding=\"async\" class=\"emoji lazyloaded\" role=\"img\" draggable=\"false\" src=\"https:\/\/s.w.org\/images\/core\/emoji\/16.0.1\/svg\/2714.svg\" alt=\"\u2714\" data-src=\"https:\/\/s.w.org\/images\/core\/emoji\/16.0.1\/svg\/2714.svg\" \/>\u00a0Degust\u0103ri \u2013 ciorb\u0103 de coco\u0219, pl\u0103cinte cu br\u00e2nz\u0103, \u021buic\u0103 de Horezu.<br \/>\n<img decoding=\"async\" class=\"emoji lazyloaded\" role=\"img\" draggable=\"false\" src=\"https:\/\/s.w.org\/images\/core\/emoji\/16.0.1\/svg\/2714.svg\" alt=\"\u2714\" data-src=\"https:\/\/s.w.org\/images\/core\/emoji\/16.0.1\/svg\/2714.svg\" \/>\u00a0Evenimente \u2013 festivaluri, proiec\u021bii de film, recitaluri, seri tematice.<br \/>\n<img decoding=\"async\" class=\"emoji lazyloaded\" role=\"img\" draggable=\"false\" src=\"https:\/\/s.w.org\/images\/core\/emoji\/16.0.1\/svg\/2714.svg\" alt=\"\u2714\" data-src=\"https:\/\/s.w.org\/images\/core\/emoji\/16.0.1\/svg\/2714.svg\" \/>\u00a0Costuma\u021bie de epoc\u0103 \u2013 pentru fotografii sau experien\u021be imersive.<\/p>\n<p>Conacul ofer\u0103 un cadru perfect pentru familii, grupuri \u0219colare, dar \u0219i turi\u0219ti \u00een c\u0103utare de autenticitate.<\/p>\n<p><strong>Obiective de vizitat:<img loading=\"lazy\" decoding=\"async\" class=\"size-medium wp-image-88052 alignright lazyloaded\" src=\"https:\/\/www.ramnicuvalceaweek.ro\/wp-content\/uploads\/2025\/07\/conac-240x300.jpeg\" sizes=\"auto, (max-width: 240px) 100vw, 240px\" srcset=\"https:\/\/www.ramnicuvalceaweek.ro\/wp-content\/uploads\/2025\/07\/conac-240x300.jpeg 240w, https:\/\/www.ramnicuvalceaweek.ro\/wp-content\/uploads\/2025\/07\/conac.jpeg 685w\" alt=\"\" width=\"240\" height=\"300\" data-srcset=\"https:\/\/www.ramnicuvalceaweek.ro\/wp-content\/uploads\/2025\/07\/conac-240x300.jpeg 240w, https:\/\/www.ramnicuvalceaweek.ro\/wp-content\/uploads\/2025\/07\/conac.jpeg 685w\" data-src=\"https:\/\/www.ramnicuvalceaweek.ro\/wp-content\/uploads\/2025\/07\/conac-240x300.jpeg\" \/><\/strong><\/p>\n<ul class=\"wp-block-list\">\n<li>\n<ul class=\"wp-block-list\">\n<li>Culele Duca \u0219i Greceanu \u2013 fortifica\u021bii boiere\u0219ti cu valoare istoric\u0103 excep\u021bional\u0103.<\/li>\n<li>M\u0103n\u0103stirea Hurezi \u2013 monument UNESCO, bijuterie a stilului br\u00e2ncovenesc.<\/li>\n<li>Ceramica de Horezu \u2013 ateliere deschise vizitatorilor.<\/li>\n<li>Drume\u021bii \u00een Buila-V\u00e2nturari\u021ba \u2013 trasee accesibile \u0219i spectaculoase.<\/li>\n<\/ul>\n<\/li>\n<\/ul>\n<p><strong>Cazare &amp; gastronomie:<\/strong><\/p>\n<ul class=\"wp-block-list\">\n<li>Conacul lui Mald\u0103r \u2013 re\u0219edin\u021b\u0103 boiereasc\u0103 transformat\u0103 \u00een boutique hotel.<\/li>\n<li>Hanul Vatra (Coste\u0219ti) \u2013 restaurant rustic \u0219i spa\u021bii de cazare elegante.<\/li>\n<li>Pensiunea Horezu \/ Casa Veche \/ Casa Varului \u2013 op\u021biuni tradi\u021bionale cu confort modern.<\/li>\n<\/ul>\n<p>Conacul din M\u0103ld\u0103re\u0219ti este un exemplu reu\u0219it de conservare \u0219i valorificare turistic\u0103 a patrimoniului. Parte din ruta \u201eConacele V\u00e2lcii \u2013 Rute boiere\u0219ti \u00een patrimoniul cultural v\u00e2lcean\u201d, locul ofer\u0103 vizitatorilor o experien\u021b\u0103 complet\u0103: istorie, gastronomie, me\u0219te\u0219uguri \u0219i ospitalitate. Un spa\u021biu \u00een care prezentul respect\u0103 trecutul, iar cultura se \u00eembin\u0103 cu relaxarea.<\/p>\n<p><strong><em>Material realizat de Asocia\u021bia Clubul de Pres\u0103 V\u00e2lcea. Aceast\u0103 campanie de informare beneficiaz\u0103 de finan\u021bare nerambursabil\u0103 de la Consiliul Jude\u0163ean V\u00e2lcea, \u00een cadrul proiectului \u201eConacele V\u00e2lcii \u2013 Rute boiere\u0219ti \u00een patrimoniul cultural v\u00e2lcean\u201d<\/em><\/strong><\/p>\n<\/div>\n","protected":false},"excerpt":{"rendered":"<p>La marginea satului M\u0103ld\u0103re\u0219ti, \u00een apropiere de Horezu, se afl\u0103 unul dintre cele mai bine conservate conace boiere\u0219ti din jude\u021bul V\u00e2lcea. Conacul Mald\u0103r ridicat \u00een secolul al XIX-lea, se integreaz\u0103 armonios \u00een complexul Culelor M\u0103ld\u0103re\u0219ti, al\u0103turi de Cula Duca \u0219i Cula Greceanu, fiind o dovad\u0103 vie a rafinamentului \u0219i for\u021bei de adaptare a boierimii oltene\u0219ti.rom\u00e2ne\u0219ti&#8230;.<\/p>\n","protected":false},"author":1,"featured_media":0,"comment_status":"open","ping_status":"open","sticky":false,"template":"","format":"standard","meta":{"footnotes":""},"categories":[13,12],"tags":[],"class_list":["post-13643","post","type-post","status-publish","format-standard","hentry","category-comunicate","category-cultura"],"_links":{"self":[{"href":"https:\/\/obiectiv-valcean.ro\/index.php\/wp-json\/wp\/v2\/posts\/13643","targetHints":{"allow":["GET"]}}],"collection":[{"href":"https:\/\/obiectiv-valcean.ro\/index.php\/wp-json\/wp\/v2\/posts"}],"about":[{"href":"https:\/\/obiectiv-valcean.ro\/index.php\/wp-json\/wp\/v2\/types\/post"}],"author":[{"embeddable":true,"href":"https:\/\/obiectiv-valcean.ro\/index.php\/wp-json\/wp\/v2\/users\/1"}],"replies":[{"embeddable":true,"href":"https:\/\/obiectiv-valcean.ro\/index.php\/wp-json\/wp\/v2\/comments?post=13643"}],"version-history":[{"count":1,"href":"https:\/\/obiectiv-valcean.ro\/index.php\/wp-json\/wp\/v2\/posts\/13643\/revisions"}],"predecessor-version":[{"id":13644,"href":"https:\/\/obiectiv-valcean.ro\/index.php\/wp-json\/wp\/v2\/posts\/13643\/revisions\/13644"}],"wp:attachment":[{"href":"https:\/\/obiectiv-valcean.ro\/index.php\/wp-json\/wp\/v2\/media?parent=13643"}],"wp:term":[{"taxonomy":"category","embeddable":true,"href":"https:\/\/obiectiv-valcean.ro\/index.php\/wp-json\/wp\/v2\/categories?post=13643"},{"taxonomy":"post_tag","embeddable":true,"href":"https:\/\/obiectiv-valcean.ro\/index.php\/wp-json\/wp\/v2\/tags?post=13643"}],"curies":[{"name":"wp","href":"https:\/\/api.w.org\/{rel}","templated":true}]}}