{"id":13640,"date":"2025-07-23T10:24:42","date_gmt":"2025-07-23T10:24:42","guid":{"rendered":"https:\/\/obiectiv-valcean.ro\/?p=13640"},"modified":"2025-08-21T16:26:09","modified_gmt":"2025-08-21T16:26:09","slug":"conacele-valcii-rute-boieresti-in-patrimoniul-cultural-valcean-conacul-balcescu-unde-istoria-prinde-glas-si-tihna-are-gust-de-traditie","status":"publish","type":"post","link":"https:\/\/obiectiv-valcean.ro\/index.php\/2025\/07\/23\/conacele-valcii-rute-boieresti-in-patrimoniul-cultural-valcean-conacul-balcescu-unde-istoria-prinde-glas-si-tihna-are-gust-de-traditie\/","title":{"rendered":"Conacele V\u00e2lcii \u2013 Rute boiere\u0219ti \u00een patrimoniul cultural v\u00e2lcean \/ Conacul B\u0103lcescu \u2013 Unde istoria prinde glas \u0219i tihna are gust de tradi\u021bie"},"content":{"rendered":"<header class=\"entry-header\">\n<div class=\"header-details-wrapper\">\n<div class=\"entry-header-details\">\u00cen comuna v\u00e2lcean\u0103 Nicolae B\u0103lcescu, \u00eentr-un col\u021b de deal cu vedere spre trecut, Conacul B\u0103lcescu te \u00eent\u00e2mpin\u0103 cu o atmosfer\u0103 care pare desprins\u0103 dintr-un roman istoric. E locul unde lini\u0219tea are ecoul marilor idei, iar pere\u021bii spun pove\u0219ti cu pa\u0219opti\u0219ti, arti\u0219ti, boieri \u0219i vremuri schimb\u0103toare. Trecutul nu e \u00eenchis aici \u00een vitrine pr\u0103fuite, ci se simte viu, prezent, de parc\u0103 ar a\u0219tepta doar un pretext ca s\u0103 se lase redescoperit. Fiecare col\u021b al conacului poart\u0103 o urm\u0103 de memorie, o m\u0103rturie discret\u0103 a unei epoci \u00een care cultura \u0219i idealurile conturau identitatea unei na\u021biuni \u00een formare.<\/div>\n<\/div>\n<\/header>\n<div class=\"entry-content\">\n<p><strong>O scurt\u0103 poveste\u2026 f\u0103r\u0103 praf de muzeu<\/strong><\/p>\n<div class=\"e6219d6b3f8ec646e4cb39e8fa5294e4\" data-index=\"3\">\n<div class=\"demand-supply\" data-ad=\"ramnicuvalceaweek.ro_sticky_mobile_top\" data-devices=\"m:1,t:0,d:0\"><\/div>\n<\/div>\n<p>Ridicat \u00een 1828 de Iancu B\u0103lcescu \u0219i so\u021bia sa Zinca, conacul a trecut prin numeroase transform\u0103ri. \u00cen 1907, cl\u0103direa este extins\u0103, iar \u00een 1913 se adaug\u0103 foi\u0219orul \u00een stil culei oltene\u0219ti. \u00centre 1936 \u0219i 1939, Radu Mandrea, str\u0103nepotul de frate al lui Nicolae B\u0103lcescu, finalizeaz\u0103 cea mai ampl\u0103 modernizare: construirea etajului \u0219i unificarea arhitecturii.<\/p>\n<p>La sf\u00e2r\u0219itul anilor \u201940, Mandrea doneaz\u0103 conacul statului, iar din 1948 acesta devine c\u0103min cultural pentru scriitori \u0219i arti\u0219ti. Aici au venit s\u0103 creeze nume mari ale literaturii rom\u00e2ne, precum Mihail Sadoveanu \u0219i Camil Petrescu. \u00cen 1966, dup\u0103 vizita unei delega\u021bii conduse de Nicolae Ceau\u0219escu, conacul este transformat \u00een muzeu.<\/p>\n<p><strong>Ce po\u021bi face ca vizitator?<\/strong><img loading=\"lazy\" decoding=\"async\" class=\"wp-image-29505 lazyloaded\" src=\"https:\/\/seintamplainvalcea.ro\/wp-content\/uploads\/2025\/07\/D6C45729-EC5B-489B-959B-E573388275E0.jpeg\" sizes=\"auto, (max-width: 830px) 100vw, 830px\" srcset=\"https:\/\/seintamplainvalcea.ro\/wp-content\/uploads\/2025\/07\/D6C45729-EC5B-489B-959B-E573388275E0.jpeg 830w, https:\/\/seintamplainvalcea.ro\/wp-content\/uploads\/2025\/07\/D6C45729-EC5B-489B-959B-E573388275E0-768x576.jpeg 768w\" alt=\"\" width=\"830\" height=\"622\" data-srcset=\"https:\/\/seintamplainvalcea.ro\/wp-content\/uploads\/2025\/07\/D6C45729-EC5B-489B-959B-E573388275E0.jpeg 830w, https:\/\/seintamplainvalcea.ro\/wp-content\/uploads\/2025\/07\/D6C45729-EC5B-489B-959B-E573388275E0-768x576.jpeg 768w\" data-src=\"https:\/\/seintamplainvalcea.ro\/wp-content\/uploads\/2025\/07\/D6C45729-EC5B-489B-959B-E573388275E0.jpeg\" \/><\/p>\n<p>Conacul e mai mult dec\u00e2t un muzeu \u2013 e o experien\u021b\u0103. Aici nu doar vezi, ci tr\u0103ie\u0219ti istoria. Po\u021bi explora cele 11 \u00eenc\u0103peri ale conacului, unde te a\u0219teapt\u0103 expozi\u021bii atent curatoriate \u2013 una despre familia B\u0103lcescu \u0219i una dedicat\u0103 \u00een \u00eentregime revolu\u021bionarului Nicolae B\u0103lcescu. Fotografii rare, documente de epoc\u0103, mobilier original \u0219i obiecte personale te apropie de omul din spatele paginilor de istorie.<\/p>\n<p>Dac\u0103 vii cu copiii, sau vrei s\u0103 te re\u00eentorci la bucuria lucrului f\u0103cut cu m\u00e2na ta, po\u021bi participa la atelierele cultural-pedagogice \u2013 un mix de pove\u0219ti, istorie \u0219i me\u0219te\u0219uguri. De la pictur\u0103 pe lemn la scris caligrafic sau cus\u0103turi tradi\u021bionale, fiecare activitate are acel \u201cceva\u201d care face ca amintirea s\u0103 \u021bin\u0103 mai mult dec\u00e2t fotografia.<\/p>\n<div class=\"e6219d6b3f8ec646e4cb39e8fa5294e4\" data-index=\"4\"><\/div>\n<p><strong>Obiective de vizitat \u00een complex \u0219i \u00eemprejurimi<\/strong><\/p>\n<figure class=\"wp-block-image size-full\"><img loading=\"lazy\" decoding=\"async\" class=\"wp-image-29506 lazyloaded\" src=\"https:\/\/seintamplainvalcea.ro\/wp-content\/uploads\/2025\/07\/IMG_9496.jpeg\" sizes=\"auto, (max-width: 960px) 100vw, 960px\" srcset=\"https:\/\/seintamplainvalcea.ro\/wp-content\/uploads\/2025\/07\/IMG_9496.jpeg 960w, https:\/\/seintamplainvalcea.ro\/wp-content\/uploads\/2025\/07\/IMG_9496-768x512.jpeg 768w\" alt=\"\" width=\"960\" height=\"640\" data-srcset=\"https:\/\/seintamplainvalcea.ro\/wp-content\/uploads\/2025\/07\/IMG_9496.jpeg 960w, https:\/\/seintamplainvalcea.ro\/wp-content\/uploads\/2025\/07\/IMG_9496-768x512.jpeg 768w\" data-src=\"https:\/\/seintamplainvalcea.ro\/wp-content\/uploads\/2025\/07\/IMG_9496.jpeg\" \/><\/figure>\n<ul class=\"wp-block-list\">\n<li>Conacul B\u0103lcescu \u2013 \u00een stil br\u00e2ncovenesc cu influen\u021be gotice \u0219i rena\u0219centiste.<\/li>\n<li>Foi\u0219orul \u00een stil culei oltene\u0219ti \u2013 ad\u0103ugat \u00een 1913, ofer\u0103 o panoram\u0103 superb\u0103 asupra domeniului.<\/li>\n<li>Biserica de lemn din G\u00e2ltofani \u2013 str\u0103mutat\u0103 aici \u00een 1974, p\u0103streaz\u0103 autenticitatea \u0219i lini\u0219tea locurilor de rug\u0103ciune de odinioar\u0103.<\/li>\n<li>Expozi\u021bii de art\u0103 contemporan\u0103 \u2013 lucr\u0103ri create \u00een taberele de pictur\u0103 organizate \u00een cadrul complexului.<\/li>\n<li>Parcul conacului \u2013 perfect pentru o plimbare relaxant\u0103 sau un picnic boieresc.<\/li>\n<\/ul>\n<p><strong>Cazare \u0219i gastronomie \u00een zon\u0103<\/strong><\/p>\n<p>De\u0219i Conacul B\u0103lcescu nu ofer\u0103 cazare direct\u0103, zona este plin\u0103 de pensiuni cu iz rustic \u0219i confort modern. Aici g\u0103se\u0219ti pensiuni de familie unde te a\u0219teapt\u0103 bucate g\u0103tite \u201eca la mama acas\u0103\u201d.<\/p>\n<ol class=\"wp-block-list\">\n<li>Casa B\u0103lcescu \u2013 o vil\u0103 modern\u0103 cu 10 camere, piscin\u0103, jacuzzi, saun\u0103, terenuri sportive, sal\u0103 de mese \u0219i facilit\u0103\u021bi pentru grupuri mari. Se afl\u0103 foarte aproape de muzeu \u0219i ofer\u0103 confort pentru familii sau evenimente.<\/li>\n<li>Pensiunea Ioana \u0219i Pensiunea Mihaela, din satul Rot\u0103r\u0103\u0219ti (parte a aceleia\u0219i comune), sunt ideale pentru cei care caut\u0103 lini\u0219te, aer curat \u0219i ospitalitate tradi\u021bional\u0103.<\/li>\n<li>La cerere, unele loca\u021bii ofer\u0103 mese cu preparate locale \u2013 ciorbe \u201eca la \u021bar\u0103\u201d, pl\u0103cinte cu br\u00e2nz\u0103 \u0219i tocan\u0103 de legume g\u0103tit\u0103 pe sob\u0103.<\/li>\n<\/ol>\n<p>Conacul Nicolae B\u0103lcescu nu e doar o fil\u0103 din istorie \u2013 e o experien\u021b\u0103 cultural\u0103 complet\u0103. Aici, timpul pare c\u0103 se domole\u0219te, iar memoria unui om \u0219i a unei epoci prinde via\u021b\u0103 printre ziduri boiere\u0219ti, gr\u0103dini lini\u0219tite \u0219i ateliere pline de sens. Dac\u0103 e\u0219ti \u00een c\u0103utarea unui loc autentic, deopotriv\u0103 cultural \u0219i relaxant, pune-l pe lista de descoperit.<\/p>\n<p><strong><em>Material realizat de Asocia\u021bia Clubul de Pres\u0103 V\u00e2lcea. Aceast\u0103 campanie de informare beneficiaz\u0103 de finan\u021bare nerambursabil\u0103 de la Consiliul Jude\u0163ean V\u00e2lcea, \u00een cadrul proiectului \u201eConacele V\u00e2lcii \u2013 Rute boiere\u0219ti \u00een patrimoniul cultural v\u00e2lcean\u201d<\/em><\/strong><\/p>\n<\/div>\n","protected":false},"excerpt":{"rendered":"<p>\u00cen comuna v\u00e2lcean\u0103 Nicolae B\u0103lcescu, \u00eentr-un col\u021b de deal cu vedere spre trecut, Conacul B\u0103lcescu te \u00eent\u00e2mpin\u0103 cu o atmosfer\u0103 care pare desprins\u0103 dintr-un roman istoric. E locul unde lini\u0219tea are ecoul marilor idei, iar pere\u021bii spun pove\u0219ti cu pa\u0219opti\u0219ti, arti\u0219ti, boieri \u0219i vremuri schimb\u0103toare. Trecutul nu e \u00eenchis aici \u00een vitrine pr\u0103fuite, ci se&#8230;<\/p>\n","protected":false},"author":1,"featured_media":13641,"comment_status":"open","ping_status":"open","sticky":false,"template":"","format":"standard","meta":{"footnotes":""},"categories":[13,12],"tags":[],"class_list":["post-13640","post","type-post","status-publish","format-standard","has-post-thumbnail","hentry","category-comunicate","category-cultura"],"_links":{"self":[{"href":"https:\/\/obiectiv-valcean.ro\/index.php\/wp-json\/wp\/v2\/posts\/13640","targetHints":{"allow":["GET"]}}],"collection":[{"href":"https:\/\/obiectiv-valcean.ro\/index.php\/wp-json\/wp\/v2\/posts"}],"about":[{"href":"https:\/\/obiectiv-valcean.ro\/index.php\/wp-json\/wp\/v2\/types\/post"}],"author":[{"embeddable":true,"href":"https:\/\/obiectiv-valcean.ro\/index.php\/wp-json\/wp\/v2\/users\/1"}],"replies":[{"embeddable":true,"href":"https:\/\/obiectiv-valcean.ro\/index.php\/wp-json\/wp\/v2\/comments?post=13640"}],"version-history":[{"count":1,"href":"https:\/\/obiectiv-valcean.ro\/index.php\/wp-json\/wp\/v2\/posts\/13640\/revisions"}],"predecessor-version":[{"id":13642,"href":"https:\/\/obiectiv-valcean.ro\/index.php\/wp-json\/wp\/v2\/posts\/13640\/revisions\/13642"}],"wp:featuredmedia":[{"embeddable":true,"href":"https:\/\/obiectiv-valcean.ro\/index.php\/wp-json\/wp\/v2\/media\/13641"}],"wp:attachment":[{"href":"https:\/\/obiectiv-valcean.ro\/index.php\/wp-json\/wp\/v2\/media?parent=13640"}],"wp:term":[{"taxonomy":"category","embeddable":true,"href":"https:\/\/obiectiv-valcean.ro\/index.php\/wp-json\/wp\/v2\/categories?post=13640"},{"taxonomy":"post_tag","embeddable":true,"href":"https:\/\/obiectiv-valcean.ro\/index.php\/wp-json\/wp\/v2\/tags?post=13640"}],"curies":[{"name":"wp","href":"https:\/\/api.w.org\/{rel}","templated":true}]}}