{"id":13637,"date":"2025-08-18T16:22:43","date_gmt":"2025-08-18T16:22:43","guid":{"rendered":"https:\/\/obiectiv-valcean.ro\/?p=13637"},"modified":"2025-08-21T16:23:15","modified_gmt":"2025-08-21T16:23:15","slug":"conacele-valcii-rute-boieresti-in-patrimoniul-cultural-valcean-conacul-filipescu-din-prundeni-istorie-traditie-si-ospitalitate-olteneasca","status":"publish","type":"post","link":"https:\/\/obiectiv-valcean.ro\/index.php\/2025\/08\/18\/conacele-valcii-rute-boieresti-in-patrimoniul-cultural-valcean-conacul-filipescu-din-prundeni-istorie-traditie-si-ospitalitate-olteneasca\/","title":{"rendered":"Conacele V\u00e2lcii \u2013 Rute boiere\u0219ti \u00een patrimoniul cultural v\u00e2lcean. Conacul Filipescu din Prundeni \u2013 istorie, tradi\u021bie \u0219i ospitalitate olteneasc\u0103"},"content":{"rendered":"<div class=\"entry clearfix\">\n<p>La c\u00e2\u021biva kilometri de Dr\u0103g\u0103\u0219ani, \u00een localitatea Prundeni, jude\u021bul V\u00e2lcea, se ridic\u0103 unul dintre cele mai frumoase repere arhitecturale ale zonei: Conacul familiei Filipescu. Construit la \u00eenceputul secolului XX, acesta \u00eembin\u0103 povestea unei familii cu r\u0103d\u0103cini ad\u00e2nci \u00een istoria local\u0103 cu frumuse\u021bea natural\u0103 \u0219i bog\u0103\u021bia cultural\u0103 a sudului V\u00e2lcii.<\/p>\n<div class=\"e6219d6b3f8ec646e4cb39e8fa5294e4\" data-index=\"3\">\n<div class=\"demand-supply\" data-ad=\"ramnicuvalceaweek.ro_sticky_mobile_top\" data-devices=\"m:1,t:0,d:0\"><\/div>\n<\/div>\n<div class=\"code-block code-block-1\">\n<p><strong>File de istorie<\/strong><\/p>\n<p>Ridicat \u00eentre anii 1903\u20131906 de c\u0103tre \u0218tefan Filipescu \u0219i so\u021bia sa, conacul este o m\u0103rturie a elegan\u021bei boiere\u0219ti de alt\u0103dat\u0103. Om implicat \u00een via\u021ba politic\u0103, pre\u0219edinte al Organiza\u021biei Liberale din Dr\u0103g\u0103\u0219ani, \u0218tefan Filipescu \u0219i-a dorit o re\u0219edin\u021b\u0103 care s\u0103 reflecte at\u00e2t gustul pentru rafinament, c\u00e2t \u0219i ata\u0219amentul fa\u021b\u0103 de valorile na\u021bionale.<\/p>\n<p>Conacul a fost martorul unor vremuri intense: de la reuniuni mondene \u0219i \u00eent\u00e2lniri politice, p\u00e2n\u0103 la ad\u0103postirea prizonierilor ru\u0219i \u00een timpul r\u0103zboiului. P\u00e2n\u0103 \u00een 1949, c\u00e2nd a fost expropriat conform decretului 83, cl\u0103direa a r\u0103mas un spa\u021biu viu, primitor, \u00een care se intersectau destine \u0219i pove\u0219ti.<\/p>\n<p>Ast\u0103zi, busturile fondatorilor, statuile solda\u021bilor ce str\u0103juiesc poarta \u0219i saloanele largi ale conacului re\u00eenvie atmosfera de odinioar\u0103, amintind vizitatorilor de vremuri \u00een care demnitatea \u0219i patriotismul erau valori de neclintit.<\/p>\n<div class=\"code-block code-block-2\">\n<p><strong>Geografie \u0219i peisaj<\/strong><\/p>\n<p>Comuna\u00a0Prundeni se afl\u0103 \u00een inima Podgoriei Dr\u0103g\u0103\u0219ani, una dintre cele mai vechi \u0219i mai apreciate zone viticole ale Rom\u00e2niei. Relieful colinar, podgoriile \u00eentinse \u0219i proximitatea r\u00e2ului Olt dau locului un farmec aparte. Pe l\u00e2ng\u0103 tradi\u021bia viticol\u0103, zona se bucur\u0103 de un cadru natural relaxant, perfect pentru plimb\u0103ri, drume\u021bii u\u0219oare sau explorarea satelor pitore\u0219ti din \u00eemprejurimi.<\/p>\n<p><strong>Ce po\u021bi face ca vizitator?<\/strong><\/p>\n<p>O vizit\u0103 la Conacul Filipescu poate fi \u00eenceputul unei experien\u021be complete \u00een sudul V\u00e2lcii:<\/p>\n<p>\u25cf\u00a0Tur cultural \u2013 descoper\u0103 conacul, istoria sa \u0219i pove\u0219tile familiei Filipescu.<\/p>\n<p>\u25cf\u00a0Plimb\u0103ri prin podgorii \u2013 exploreaz\u0103 dealurile \u00eenc\u0103rcate de vi\u021b\u0103-de-vie, cu panorame spectaculoase asupra Oltului.<\/p>\n<p>\u25cf\u00a0Vizite la cramele din Dr\u0103g\u0103\u0219ani \u2013 degust\u0103 vinuri renumite, precum Cr\u00e2mpo\u0219ia selec\u021bionat\u0103, Negru de Dr\u0103g\u0103\u0219ani sau T\u0103m\u00e2ioasa rom\u00e2neasc\u0103.<\/p>\n<div class=\"e6219d6b3f8ec646e4cb39e8fa5294e4\" data-index=\"4\"><\/div>\n<p>\u25cf\u00a0Evenimente culturale \u0219i gastronomice \u2013 zona g\u0103zduie\u0219te t\u00e2rguri, festivaluri \u0219i s\u0103rb\u0103tori locale unde tradi\u021bia \u0219i ospitalitatea olteneasc\u0103 sunt la ele acas\u0103.<\/p>\n<p><strong>Cazare \u0219i gastronomie<\/strong><\/p>\n<p>Mo\u0219tenitorii conacului au planuri ambi\u021bioase de restaurare \u0219i transformare a re\u0219edin\u021bei \u00eentr-un punct de atrac\u021bie turistic\u0103 modern. \u00cen viitor, vizitatorii se vor putea bucura de cazare \u00een camere istorice, dar adaptate confortului actual, precum \u0219i de spa\u021bii pentru relaxare \u0219i evenimente.<\/p>\n<p>P\u00e2n\u0103 atunci, zona Dr\u0103g\u0103\u0219ani\u2013Prundeni ofer\u0103 deja multiple op\u021biuni:<\/p>\n<p>\u25cf\u00a0Pensiunea Crama Venetic (Prundeni)<br \/>\nSituat\u0103 direct \u00een Prundeni, strada Dealul Viilor nr. 77, ofer\u0103 8 camere pentru maximum 16 persoane. Ideal\u0103 pentru plimb\u0103ri printre vi\u021bele de vie, escapade la marginea p\u0103durii \u0219i apusuri peste Olt;<\/p>\n<p>\u25cf\u00a0Pensiunea Domeniul Dr\u0103ga\u0219i (C\u0103lina, la 4\u20135 km de Prundeni)<br \/>\nO pensiune elegant\u0103 cu 5 camere matrimoniale \u0219i un living confortabil. Parte a unui domeniu viticol, ofer\u0103 experien\u021be de fine-dining \u00een restaurantul propriu, degust\u0103ri, tururi prin vie \u0219i panorame superbe;<\/p>\n<p>\u25cf\u00a0Pensiunea \u201eOgrada cu pove\u0219ti\u201d (Orle\u0219ti, ~~4.7 km de Prundeni)<br \/>\nCunoscut\u0103 pentru recenziile excelente (scor 9.8\/10), accept\u0103 carduri de vacan\u021b\u0103 \u015fi ofer\u0103 o cazare cald\u0103, cu farmec rural autentic;<\/p>\n<p>\u25cf\u00a0Domeniul Dr\u0103ga\u0219i (C\u0103lina)<br \/>\nPodgorie de peste 7 hectare, cram\u0103 cu salon pentru degust\u0103ri, restaurant fine-dining (ingrediente locale), \u0219i pensiune. Un loc rafinat, potrivit pentru cine dore\u0219te gastronomie local\u0103, vinuri cu poveste \u0219i peisaje impresionante.<\/p>\n<p><strong>O destina\u021bie cu suflet<\/strong><\/p>\n<p>Includerea Conacului Filipescu \u00een proiectul \u201eDr\u0103g\u0103\u0219ani \u2013 zon\u0103 turistic\u0103 de interes na\u021bional\u201d nu este \u00eent\u00e2mpl\u0103toare. El nu este doar o cl\u0103dire istoric\u0103, ci un punct de \u00eent\u00e2lnire \u00eentre trecut \u0219i viitor, \u00eentre patrimoniu \u0219i turismul modern. Vizitatorii descoper\u0103 aici nu doar un conac, ci \u0219i o lume \u2013 cea a boierimii de alt\u0103dat\u0103, a tradi\u021biilor v\u00e2lcene \u0219i a ospitalit\u0103\u021bii rom\u00e2ne\u0219ti autentice.<\/p>\n<p><em><strong>Material realizat de Asocia\u021bia Clubul de Pres\u0103 V\u00e2lcea. Aceast\u0103 campanie de informare beneficiaz\u0103 de finan\u021bare nerambursabil\u0103 de la Consiliul Jude\u0163ean V\u00e2lcea, \u00een cadrul proiectului \u201eConacele V\u00e2lcii \u2013 Rute boiere\u0219ti \u00een patrimoniul cultural v\u00e2lcean\u201d<\/strong><\/em><\/p>\n<\/div>\n<\/div>\n<\/div>\n","protected":false},"excerpt":{"rendered":"<p>La c\u00e2\u021biva kilometri de Dr\u0103g\u0103\u0219ani, \u00een localitatea Prundeni, jude\u021bul V\u00e2lcea, se ridic\u0103 unul dintre cele mai frumoase repere arhitecturale ale zonei: Conacul familiei Filipescu. Construit la \u00eenceputul secolului XX, acesta \u00eembin\u0103 povestea unei familii cu r\u0103d\u0103cini ad\u00e2nci \u00een istoria local\u0103 cu frumuse\u021bea natural\u0103 \u0219i bog\u0103\u021bia cultural\u0103 a sudului V\u00e2lcii. File de istorie Ridicat \u00eentre anii&#8230;<\/p>\n","protected":false},"author":1,"featured_media":13638,"comment_status":"open","ping_status":"open","sticky":false,"template":"","format":"standard","meta":{"footnotes":""},"categories":[13,12],"tags":[],"class_list":["post-13637","post","type-post","status-publish","format-standard","has-post-thumbnail","hentry","category-comunicate","category-cultura"],"_links":{"self":[{"href":"https:\/\/obiectiv-valcean.ro\/index.php\/wp-json\/wp\/v2\/posts\/13637","targetHints":{"allow":["GET"]}}],"collection":[{"href":"https:\/\/obiectiv-valcean.ro\/index.php\/wp-json\/wp\/v2\/posts"}],"about":[{"href":"https:\/\/obiectiv-valcean.ro\/index.php\/wp-json\/wp\/v2\/types\/post"}],"author":[{"embeddable":true,"href":"https:\/\/obiectiv-valcean.ro\/index.php\/wp-json\/wp\/v2\/users\/1"}],"replies":[{"embeddable":true,"href":"https:\/\/obiectiv-valcean.ro\/index.php\/wp-json\/wp\/v2\/comments?post=13637"}],"version-history":[{"count":1,"href":"https:\/\/obiectiv-valcean.ro\/index.php\/wp-json\/wp\/v2\/posts\/13637\/revisions"}],"predecessor-version":[{"id":13639,"href":"https:\/\/obiectiv-valcean.ro\/index.php\/wp-json\/wp\/v2\/posts\/13637\/revisions\/13639"}],"wp:featuredmedia":[{"embeddable":true,"href":"https:\/\/obiectiv-valcean.ro\/index.php\/wp-json\/wp\/v2\/media\/13638"}],"wp:attachment":[{"href":"https:\/\/obiectiv-valcean.ro\/index.php\/wp-json\/wp\/v2\/media?parent=13637"}],"wp:term":[{"taxonomy":"category","embeddable":true,"href":"https:\/\/obiectiv-valcean.ro\/index.php\/wp-json\/wp\/v2\/categories?post=13637"},{"taxonomy":"post_tag","embeddable":true,"href":"https:\/\/obiectiv-valcean.ro\/index.php\/wp-json\/wp\/v2\/tags?post=13637"}],"curies":[{"name":"wp","href":"https:\/\/api.w.org\/{rel}","templated":true}]}}