{"id":13634,"date":"2025-08-21T16:20:21","date_gmt":"2025-08-21T16:20:21","guid":{"rendered":"https:\/\/obiectiv-valcean.ro\/?p=13634"},"modified":"2025-08-21T16:20:21","modified_gmt":"2025-08-21T16:20:21","slug":"conacele-valcii-rute-boieresti-in-patrimoniul-cultural-valcean-conacul-calina-din-dragasani-vin-istorie-si-noblete-discreta","status":"publish","type":"post","link":"https:\/\/obiectiv-valcean.ro\/index.php\/2025\/08\/21\/conacele-valcii-rute-boieresti-in-patrimoniul-cultural-valcean-conacul-calina-din-dragasani-vin-istorie-si-noblete-discreta\/","title":{"rendered":"Conacele V\u00e2lcii \u2013 Rute boiere\u0219ti \u00een patrimoniul cultural v\u00e2lcean. Conacul C\u0103lina din Dr\u0103g\u0103\u0219ani \u2013 vin, istorie \u0219i noble\u021be discret\u0103"},"content":{"rendered":"<p><em>\u00cen inima podgoriei Dr\u0103g\u0103\u0219ani, acolo unde viile se \u00eentind c\u00e2t vezi cu ochii \u0219i parfumul mustului d\u0103inuie din toamn\u0103 p\u00e2n\u0103 t\u00e2rziu \u00een iarn\u0103, se ridic\u0103 t\u0103cut Conacul C\u0103lina, o re\u0219edin\u021b\u0103 boiereasc\u0103 de sf\u00e2r\u0219it de secol XIX. L\u0103sat ani buni \u00een umbr\u0103, conacul rena\u0219te ast\u0103zi, discret, ca martor al unei lumi apuse \u0219i ca reper al unei comunit\u0103\u021bi care \u00ee\u0219i reg\u0103se\u0219te identitatea \u00een jurul istoriei \u0219i al vinului.<\/em><\/p>\n<div class=\"e6219d6b3f8ec646e4cb39e8fa5294e4\" data-index=\"3\">\n<div class=\"demand-supply\" data-ad=\"ramnicuvalceaweek.ro_sticky_mobile_top\" data-devices=\"m:1,t:0,d:0\"><\/div>\n<\/div>\n<p><strong>Ctitoria familiei C\u0103lina \u2013 boieri ai viilor dr\u0103g\u0103\u0219enilor<\/strong><\/p>\n<div class=\"teads-inread sm-screen\">\n<div>\n<div id=\"teads0\" class=\"teads-player\">Familia C\u0103lina, veche familie boiereasc\u0103 din sudul V\u00e2lcii, \u0219i-a ridicat la Dr\u0103g\u0103\u0219ani o re\u0219edin\u021b\u0103 care s\u0103 reflecte prestigiul \u0219i puterea economic\u0103 aduse de viticultur\u0103. Construit la final de secol XIX, conacul poart\u0103 amprenta stilului eclectic cu influen\u021be neoclasice: fa\u021bad\u0103 simetric\u0103, ferestre \u00eenalte, cerdacuri elegante \u0219i o curte larg\u0103, deschis\u0103 spre viile din jur.<\/div>\n<\/div>\n<\/div>\n<p>Conacul nu era doar cas\u0103 de locuit, ci \u0219i centru de administrare a mo\u0219iilor \u0219i viilor familiei. Aici se adunau boieri, prieteni \u0219i negustori de vin, pentru a \u00eencheia afaceri \u0219i a celebra culesul viilor \u2013 tradi\u021bie care a f\u0103cut din Dr\u0103g\u0103\u0219ani un nume recunoscut interna\u021bional.<\/p>\n<p><strong>Declin \u0219i supravie\u021buire<\/strong><\/p>\n<p>Dup\u0103 instaurarea regimului comunist, familia C\u0103lina a fost deposedat\u0103 de conac, iar cl\u0103direa a fost transformat\u0103 \u00een spa\u021bii administrative \u0219i ulterior abandonat\u0103. Lipsa lucr\u0103rilor de \u00eentre\u021binere a gr\u0103bit degradarea, \u00eens\u0103 zidurile masive \u0219i compartiment\u0103rile solide au rezistat timpului.<\/p>\n<p>Dup\u0103 1990, conacul a fost revendicat de mo\u0219tenitori, iar recent a intrat \u00eentr-un proces lent de revitalizare, p\u0103str\u00e2ndu-\u0219i statutul de monument istoric. Restaurarea par\u021bial\u0103 \u0219i inten\u021biile de valorificare cultural\u0103 dau speran\u021b\u0103 c\u0103 acest loc va redeveni un reper pentru turismul cultural din sudul V\u00e2lcii.<\/p>\n<p><strong>Conacul ast\u0103zi \u2013 \u00eentre memorie \u0219i viitor<\/strong><\/p>\n<p>Ast\u0103zi, conacul se prezint\u0103 ca un edificiu alb, auster, dar plin de noble\u021be. Cerdacul, \u00eenc\u0103 vizibil, \u0219i pivni\u021bele ad\u00e2nci amintesc de vremurile \u00een care vinurile Dr\u0103g\u0103\u0219aniului erau stocate aici, \u00een butoaie de stejar. Proprietatea are nevoie de investi\u021bii consistente, dar farmecul discret \u0219i atmosfera patriarhal\u0103 \u00eel recomand\u0103 ca viitor spa\u021biu cultural \u2013 muzeu, cas\u0103 memorial\u0103 sau centru de degustare de vinuri.<\/p>\n<div class=\"e6219d6b3f8ec646e4cb39e8fa5294e4\" data-index=\"4\"><\/div>\n<p><a href=\"https:\/\/evenimentvalcean.ro\/wp-content\/uploads\/2025\/08\/726949791.jpg\"><img loading=\"lazy\" decoding=\"async\" class=\"alignright size-medium wp-image-93029 lazyloaded\" src=\"https:\/\/evenimentvalcean.ro\/wp-content\/uploads\/2025\/08\/726949791-300x200.jpg\" sizes=\"auto, (max-width: 300px) 100vw, 300px\" srcset=\"https:\/\/evenimentvalcean.ro\/wp-content\/uploads\/2025\/08\/726949791-300x200.jpg 300w, https:\/\/evenimentvalcean.ro\/wp-content\/uploads\/2025\/08\/726949791-768x512.jpg 768w, https:\/\/evenimentvalcean.ro\/wp-content\/uploads\/2025\/08\/726949791-90x60.jpg 90w, https:\/\/evenimentvalcean.ro\/wp-content\/uploads\/2025\/08\/726949791.jpg 1024w\" alt=\"\" width=\"300\" height=\"200\" data-srcset=\"https:\/\/evenimentvalcean.ro\/wp-content\/uploads\/2025\/08\/726949791-300x200.jpg 300w, https:\/\/evenimentvalcean.ro\/wp-content\/uploads\/2025\/08\/726949791-768x512.jpg 768w, https:\/\/evenimentvalcean.ro\/wp-content\/uploads\/2025\/08\/726949791-90x60.jpg 90w, https:\/\/evenimentvalcean.ro\/wp-content\/uploads\/2025\/08\/726949791.jpg 1024w\" data-src=\"https:\/\/evenimentvalcean.ro\/wp-content\/uploads\/2025\/08\/726949791-300x200.jpg\" \/><\/a><\/p>\n<p><strong>Experien\u021be pentru vizitatori \u2013 vin, gastronomie \u0219i descoperiri culturale<\/strong><\/p>\n<p>Un turist care ajunge la Conacul C\u0103lina poate \u00een\u021belege, dincolo de zidurile t\u0103cute, o \u00eentreag\u0103 poveste despre leg\u0103tura dintre boieri \u0219i vie. Vizita poate fi combinat\u0103 cu un tur al podgoriilor \u0219i cramelor moderne din Dr\u0103g\u0103\u0219ani, unde tradi\u021bia este dus\u0103 mai departe cu elegan\u021b\u0103.<\/p>\n<p><em>Ce po\u021bi face \u00een zon\u0103:<\/em><\/p>\n<ul>\n<li>Degust\u0103ri de vinuri la cramele Avincis (Vila Dobru\u0219a, \u00eentr-un conac modernizat), Casa Is\u0103rescu, Crama Bauer, Domeniul Dr\u0103ga\u0219i sau Stirbey.<\/li>\n<li>Muzeul Viei \u0219i Vinului Dr\u0103g\u0103\u0219ani, g\u0103zduit chiar \u00eentr-un fost conac boieresc, care spune povestea tradi\u021biei viticole.<\/li>\n<li>Vizite culturale la culele din Z\u0103treni sau la conacele din Bene\u0219ti \u0219i Prundeni, aflate la mic\u0103 distan\u021b\u0103.<\/li>\n<\/ul>\n<p><em>Gastronomie:<\/em><\/p>\n<ul>\n<li>Crama Avincis \u2013 Vila Dobru\u0219a: gastronomie rafinat\u0103, \u00een armonie cu vinurile proprii.<\/li>\n<li>Casa Olteneasc\u0103 (Dr\u0103g\u0103\u0219ani): buc\u0103t\u0103rie tradi\u021bional\u0103 cu sarmale, toc\u0103ni\u021be \u0219i pastram\u0103 la ceaun.<\/li>\n<li>La Gastronomie (DN 64, Dr\u0103g\u0103\u0219ani): un restaurant cu specific rom\u00e2nesc \u0219i interna\u021bional, ideal pentru o oprire dup\u0103 vizitarea conacului.<\/li>\n<\/ul>\n<p><strong>Un punct pe harta \u201eConacelor V\u00e2lcii\u201d<\/strong><\/p>\n<p>Prin istoria sa, prin leg\u0103tura cu viticultura \u0219i prin poten\u021bialul de revitalizare, Conacul C\u0103lina din Dr\u0103g\u0103\u0219ani merit\u0103 s\u0103 fie inclus pe ruta \u201eConacele V\u00e2lcii \u2013 Rute boiere\u0219ti \u00een patrimoniul cultural v\u00e2lcean\u201d. Este un spa\u021biu care vorbe\u0219te despre rafinament, despre for\u021ba economic\u0103 a unei familii \u0219i despre tradi\u021bia vinului \u2013 simbol etern al identit\u0103\u021bii oltene\u0219ti.<\/p>\n<p><em>Material realizat de Asocia\u021bia Clubul de Pres\u0103 V\u00e2lcea. Aceast\u0103 campanie de informare beneficiaz\u0103 de finan\u021bare nerambursabil\u0103 de la Consiliul Jude\u0163ean V\u00e2lcea, \u00een cadrul proiectului \u201eConacele V\u00e2lcii \u2013 Rute boiere\u0219ti \u00een patrimoniul cultural v\u00e2lcean\u201d<\/em><\/p>\n","protected":false},"excerpt":{"rendered":"<p>\u00cen inima podgoriei Dr\u0103g\u0103\u0219ani, acolo unde viile se \u00eentind c\u00e2t vezi cu ochii \u0219i parfumul mustului d\u0103inuie din toamn\u0103 p\u00e2n\u0103 t\u00e2rziu \u00een iarn\u0103, se ridic\u0103 t\u0103cut Conacul C\u0103lina, o re\u0219edin\u021b\u0103 boiereasc\u0103 de sf\u00e2r\u0219it de secol XIX. L\u0103sat ani buni \u00een umbr\u0103, conacul rena\u0219te ast\u0103zi, discret, ca martor al unei lumi apuse \u0219i ca reper al&#8230;<\/p>\n","protected":false},"author":1,"featured_media":13635,"comment_status":"open","ping_status":"open","sticky":false,"template":"","format":"standard","meta":{"footnotes":""},"categories":[13],"tags":[],"class_list":["post-13634","post","type-post","status-publish","format-standard","has-post-thumbnail","hentry","category-comunicate"],"_links":{"self":[{"href":"https:\/\/obiectiv-valcean.ro\/index.php\/wp-json\/wp\/v2\/posts\/13634","targetHints":{"allow":["GET"]}}],"collection":[{"href":"https:\/\/obiectiv-valcean.ro\/index.php\/wp-json\/wp\/v2\/posts"}],"about":[{"href":"https:\/\/obiectiv-valcean.ro\/index.php\/wp-json\/wp\/v2\/types\/post"}],"author":[{"embeddable":true,"href":"https:\/\/obiectiv-valcean.ro\/index.php\/wp-json\/wp\/v2\/users\/1"}],"replies":[{"embeddable":true,"href":"https:\/\/obiectiv-valcean.ro\/index.php\/wp-json\/wp\/v2\/comments?post=13634"}],"version-history":[{"count":1,"href":"https:\/\/obiectiv-valcean.ro\/index.php\/wp-json\/wp\/v2\/posts\/13634\/revisions"}],"predecessor-version":[{"id":13636,"href":"https:\/\/obiectiv-valcean.ro\/index.php\/wp-json\/wp\/v2\/posts\/13634\/revisions\/13636"}],"wp:featuredmedia":[{"embeddable":true,"href":"https:\/\/obiectiv-valcean.ro\/index.php\/wp-json\/wp\/v2\/media\/13635"}],"wp:attachment":[{"href":"https:\/\/obiectiv-valcean.ro\/index.php\/wp-json\/wp\/v2\/media?parent=13634"}],"wp:term":[{"taxonomy":"category","embeddable":true,"href":"https:\/\/obiectiv-valcean.ro\/index.php\/wp-json\/wp\/v2\/categories?post=13634"},{"taxonomy":"post_tag","embeddable":true,"href":"https:\/\/obiectiv-valcean.ro\/index.php\/wp-json\/wp\/v2\/tags?post=13634"}],"curies":[{"name":"wp","href":"https:\/\/api.w.org\/{rel}","templated":true}]}}