{"id":1146,"date":"2025-04-15T13:16:02","date_gmt":"2025-04-15T13:16:02","guid":{"rendered":"https:\/\/obiectiv-valcean.ro\/?p=1146"},"modified":"2025-04-15T13:17:07","modified_gmt":"2025-04-15T13:17:07","slug":"valcea-in-top-5-al-destinatiilor-in-fenomenul-mutatul-la-tara-muntele-si-zonele-subcarpatice-sut-cautate","status":"publish","type":"post","link":"https:\/\/obiectiv-valcean.ro\/index.php\/2025\/04\/15\/valcea-in-top-5-al-destinatiilor-in-fenomenul-mutatul-la-tara-muntele-si-zonele-subcarpatice-sut-cautate\/","title":{"rendered":"V\u00e2lcea \u00een top 5 al destina\u021biilor \u00een fenomenul \u201dMutatul la \u021bar\u0103\u201d; Muntele \u0219i zonele subcarpatice sunt c\u0103utate"},"content":{"rendered":"<p>\u00cen 2023, num\u0103rul rom\u00e2nilor care s-au mutat de la ora\u0219 la sat a fost de 235.000.\u00a0 Jude\u021bele care capitalizeaz\u0103 aceast\u0103 tendin\u021b\u0103 sunt Bra\u0219ov, Cluj, Mure\u0219, Prahova, V\u00e2lcea, Sibiu, Bac\u0103u, Vrancea, Neam\u021b, Maramure\u0219, Bihor, Arge\u0219, Suceava.<\/p>\n<p>Ce se remarc\u0103 din acest clasament? C\u0103 sunt v\u00e2nate jude\u021bele care au \u0219i munte \u0219i zone subalpine, aproape tot arcul subcarpatin este prezent \u0219i evident jude\u021be care de\u021bin \u0219i un\u00a0 poten\u021bial turistic. Acestea jude\u021be sunt c\u0103utate de or\u0103\u0219eni \u0219i nu doar conjude\u021beni. Nu vorbim de migra\u021bia clasei de mijloc din ora\u0219 \u00een suburban, acesta este alt fenomen.<\/p>\n<p>Ne referim la achizi\u021bia unui teren sau o cas\u0103 veche, b\u0103tr\u00e2neasc\u0103 \u00eentr-o zon\u0103 izolat\u0103 sau turistic\u0103, departe de arealul urban. Aici V\u00e2lcea este pe locul cum vedem \u00een top, jude\u021bul nostru adun\u00e2nd mul\u021bi bucure\u0219teni, const\u0103n\u021beni, craioveni, sibieni, clujeni. Ne referim la oameni care nu au nicio leg\u0103tur\u0103 de s\u00e2nge cu jude\u021bul V\u00e2lcea.<\/p>\n<p>Nu muntele este cel care atrage, V\u00e2lcea median\u0103 este atrac\u021bia &#8211; Runcu, Mitrofani, Pesceana, Pope\u0219ti, Gl\u0103vile, Copaceni, Livezi, Sl\u0103tioara, Vaideeni, Pietrari, Stoene\u0219ti, Stoile\u0219ti sunt comune care au devenit magne\u021bi imobiliari.<\/p>\n<p>Vorbim de dou\u0103 categorii de persoane care caut\u0103 locuin\u021be \u00een mediul rural. Sunt or\u0103\u0219enii care doresc la pensie o retragere \u00een rustic. \u0218i au cump\u0103rat o cas\u0103 veche, au pus o livad\u0103, o gr\u0103din\u0103. Vorbim\u00a0 de cei care doresc o cas\u0103 de vacan\u021b\u0103.\u00a0 \u0218i vorbim de cei care brusc au luat decizia de a reseta via\u021ba, de a schimba jobul, de o reun\u021bare la via\u021b\u0103 de corpora\u021bie pentru natural, rustic, rural.<\/p>\n<p>Fenomenul mutatului la \u021bar\u0103 cre\u0219te, este o comunitate na\u021bional\u0103, nu doar un fenomen\u00a0 \u0219i un semn al schimb\u0103rii \u00een timp a compozitului rural. Treptat genera\u021biile de \u021b\u0103rani, a\u0219a cum le \u0219tim vor disp\u0103rea, clasa de mijloc va fi specific\u0103 zonei rurale, mici intreoprinz\u0103tori agricoli, fermieri pe stil nou cum se spune.<\/p>\n<p>Liviu POPESCU<\/p>\n","protected":false},"excerpt":{"rendered":"<p>\u00cen 2023, num\u0103rul rom\u00e2nilor care s-au mutat de la ora\u0219 la sat a fost de 235.000.\u00a0 Jude\u021bele care capitalizeaz\u0103 aceast\u0103 tendin\u021b\u0103 sunt Bra\u0219ov, Cluj, Mure\u0219, Prahova, V\u00e2lcea, Sibiu, Bac\u0103u, Vrancea, Neam\u021b, Maramure\u0219, Bihor, Arge\u0219, Suceava. Ce se remarc\u0103 din acest clasament? C\u0103 sunt v\u00e2nate jude\u021bele care au \u0219i munte \u0219i zone subalpine, aproape tot arcul&#8230;<\/p>\n","protected":false},"author":1,"featured_media":1101,"comment_status":"open","ping_status":"open","sticky":false,"template":"","format":"standard","meta":{"footnotes":""},"categories":[3,2,12],"tags":[256,258,257],"class_list":["post-1146","post","type-post","status-publish","format-standard","has-post-thumbnail","hentry","category-actualitate","category-administratie","category-cultura","tag-tara","tag-valcea-rurala","tag-viata-la-tara"],"_links":{"self":[{"href":"https:\/\/obiectiv-valcean.ro\/index.php\/wp-json\/wp\/v2\/posts\/1146","targetHints":{"allow":["GET"]}}],"collection":[{"href":"https:\/\/obiectiv-valcean.ro\/index.php\/wp-json\/wp\/v2\/posts"}],"about":[{"href":"https:\/\/obiectiv-valcean.ro\/index.php\/wp-json\/wp\/v2\/types\/post"}],"author":[{"embeddable":true,"href":"https:\/\/obiectiv-valcean.ro\/index.php\/wp-json\/wp\/v2\/users\/1"}],"replies":[{"embeddable":true,"href":"https:\/\/obiectiv-valcean.ro\/index.php\/wp-json\/wp\/v2\/comments?post=1146"}],"version-history":[{"count":2,"href":"https:\/\/obiectiv-valcean.ro\/index.php\/wp-json\/wp\/v2\/posts\/1146\/revisions"}],"predecessor-version":[{"id":1148,"href":"https:\/\/obiectiv-valcean.ro\/index.php\/wp-json\/wp\/v2\/posts\/1146\/revisions\/1148"}],"wp:featuredmedia":[{"embeddable":true,"href":"https:\/\/obiectiv-valcean.ro\/index.php\/wp-json\/wp\/v2\/media\/1101"}],"wp:attachment":[{"href":"https:\/\/obiectiv-valcean.ro\/index.php\/wp-json\/wp\/v2\/media?parent=1146"}],"wp:term":[{"taxonomy":"category","embeddable":true,"href":"https:\/\/obiectiv-valcean.ro\/index.php\/wp-json\/wp\/v2\/categories?post=1146"},{"taxonomy":"post_tag","embeddable":true,"href":"https:\/\/obiectiv-valcean.ro\/index.php\/wp-json\/wp\/v2\/tags?post=1146"}],"curies":[{"name":"wp","href":"https:\/\/api.w.org\/{rel}","templated":true}]}}