{"id":1117,"date":"2025-03-20T06:56:57","date_gmt":"2025-03-20T06:56:57","guid":{"rendered":"https:\/\/obiectiv-valcean.ro\/?p=1117"},"modified":"2025-03-20T06:56:57","modified_gmt":"2025-03-20T06:56:57","slug":"scoala-gimnaziala-din-pausesti-maglasi-se-reabiliteaza-energetic","status":"publish","type":"post","link":"https:\/\/obiectiv-valcean.ro\/index.php\/2025\/03\/20\/scoala-gimnaziala-din-pausesti-maglasi-se-reabiliteaza-energetic\/","title":{"rendered":"\u0218coala gimnazial\u0103 din P\u0103u\u0219e\u0219ti M\u0103gla\u0219i se reabiliteaz\u0103 energetic"},"content":{"rendered":"<div id=\"wrapper\" class=\"hfeed\">\n<div id=\"wrap\" class=\"clearfix\">\n<section id=\"content\" class=\"primary\" role=\"main\">\n<article id=\"post-81373\" class=\"post-81373 post type-post status-publish format-standard has-post-thumbnail hentry category-administratie category-social tag-alexandru-dediu tag-proiecte tag-puasesti-maglasi\">\n<div class=\"entry clearfix\"><\/div>\n<\/article>\n<\/section>\n<\/div>\n<\/div>\n<div>P\u0103u\u0219e\u0219ti M\u0103gla\u0219i este comun\u0103 de tranzit, aflat\u0103 pe drumul sta\u021biunilor, fiind o destina\u021bie oportun\u0103 pentru mediul de afaceri, dar \u0219i pentru reziden\u021bial. De aceea, investi\u021biile continu\u0103, iar acest lucru reiese din saltul economic intregistrat din cifrele estimate pe anul anterior.<\/div>\n<div>\u201dLa \u0219coala gimnazial\u0103\u00a0 se lucreaz\u0103 din plin la programul de reabilitare \u0219i eficien\u021b\u0103 energetic\u0103, proiect ce se deruleaz\u0103 prin POR.<\/p>\n<div class=\"ns-normal\">\u00a0 Ne dorim ca \u0218coala Gimnazial\u0103 \u201dAchim Popescu\u201d s\u0103 devin\u0103 un garant al calit\u0103\u0163ii procesului educa\u0163ional, urm\u0103rind aplicarea corect\u0103 a politicilor educa\u0163ionale elaborate de Ministerul Educa\u021biei Na\u021bionale prin crearea unui climat de munc\u0103 stimulativ \u00een vederea facilit\u0103rii dezvolt\u0103rii individuale a fiec\u0103rui copil sau\u00a0 beneficiar al sistemului educa\u0163ional ce frecventaz\u0103 aceast\u0103 institu\u021bie de \u00eenv\u0103\u021b\u0103m\u00e2nt astfel \u00eenc\u00e2t s\u0103 dea sens \u00eencrederii \u015fi aspira\u0163iilor sale, at\u00e2t pe plan personal, c\u00e2t \u015fi profesional. De asemenea, \u00een scurt timp se vor relua lucr\u0103rile de modernizare \u0219i la drumuri, prin programul Anghel Saligny, dar si extinderea de gaze. M\u0103 refer la extinderi pe majoritatea str\u0103zilor. Comuna este a\u0219adar una ofertant\u0103, una care chiar este \u00een aten\u021bia celor care doresc o locuin\u021b\u0103 \u00een mediul rural. Exist\u0103 \u0219i turism, avem case de vacan\u021b\u0103. Sunt convins c\u0103 odat\u0103 cu finalizarea tuturor utilit\u0103\u021bilor, comuna noastr\u0103 va fi chiar \u00een topul destina\u021biilor imobiliare\u201d, spune primarul Marcel Radi.<\/div>\n<\/div>\n<p>\u00cen schimb cel mai a\u0219teptat proiect este cel de canalizare, proiect care are, din p\u0103cate, o lung\u0103 istorie, mai bine de 10 ani de a\u0219teptare. Edilul Radi spune c\u0103 nu a depins de administra\u021bia local\u0103, iar din informa\u021biile pe care le de\u021bine, anul acesta Apavilul ar scoate la licita\u021bie.<\/p>\n<p>Claudia POPA<\/p>\n<div class=\"e6219d6b3f8ec646e4cb39e8fa5294e4\" data-index=\"4\"><\/div>\n","protected":false},"excerpt":{"rendered":"<p>P\u0103u\u0219e\u0219ti M\u0103gla\u0219i este comun\u0103 de tranzit, aflat\u0103 pe drumul sta\u021biunilor, fiind o destina\u021bie oportun\u0103 pentru mediul de afaceri, dar \u0219i pentru reziden\u021bial. De aceea, investi\u021biile continu\u0103, iar acest lucru reiese din saltul economic intregistrat din cifrele estimate pe anul anterior. \u201dLa \u0219coala gimnazial\u0103\u00a0 se lucreaz\u0103 din plin la programul de reabilitare \u0219i eficien\u021b\u0103 energetic\u0103, proiect&#8230;<\/p>\n","protected":false},"author":1,"featured_media":1118,"comment_status":"open","ping_status":"open","sticky":false,"template":"","format":"standard","meta":{"footnotes":""},"categories":[2],"tags":[],"class_list":["post-1117","post","type-post","status-publish","format-standard","has-post-thumbnail","hentry","category-administratie"],"_links":{"self":[{"href":"https:\/\/obiectiv-valcean.ro\/index.php\/wp-json\/wp\/v2\/posts\/1117","targetHints":{"allow":["GET"]}}],"collection":[{"href":"https:\/\/obiectiv-valcean.ro\/index.php\/wp-json\/wp\/v2\/posts"}],"about":[{"href":"https:\/\/obiectiv-valcean.ro\/index.php\/wp-json\/wp\/v2\/types\/post"}],"author":[{"embeddable":true,"href":"https:\/\/obiectiv-valcean.ro\/index.php\/wp-json\/wp\/v2\/users\/1"}],"replies":[{"embeddable":true,"href":"https:\/\/obiectiv-valcean.ro\/index.php\/wp-json\/wp\/v2\/comments?post=1117"}],"version-history":[{"count":1,"href":"https:\/\/obiectiv-valcean.ro\/index.php\/wp-json\/wp\/v2\/posts\/1117\/revisions"}],"predecessor-version":[{"id":1119,"href":"https:\/\/obiectiv-valcean.ro\/index.php\/wp-json\/wp\/v2\/posts\/1117\/revisions\/1119"}],"wp:featuredmedia":[{"embeddable":true,"href":"https:\/\/obiectiv-valcean.ro\/index.php\/wp-json\/wp\/v2\/media\/1118"}],"wp:attachment":[{"href":"https:\/\/obiectiv-valcean.ro\/index.php\/wp-json\/wp\/v2\/media?parent=1117"}],"wp:term":[{"taxonomy":"category","embeddable":true,"href":"https:\/\/obiectiv-valcean.ro\/index.php\/wp-json\/wp\/v2\/categories?post=1117"},{"taxonomy":"post_tag","embeddable":true,"href":"https:\/\/obiectiv-valcean.ro\/index.php\/wp-json\/wp\/v2\/tags?post=1117"}],"curies":[{"name":"wp","href":"https:\/\/api.w.org\/{rel}","templated":true}]}}